{"id":223097,"date":"2025-06-30T11:25:40","date_gmt":"2025-06-30T18:25:40","guid":{"rendered":"https:\/\/rnoticias.com.mx\/Portal\/?p=223097"},"modified":"2025-06-30T11:25:40","modified_gmt":"2025-06-30T18:25:40","slug":"mexicana-kenia-lechuga-gana-oro-en-copa-del-mundo-de-remo-en-italia","status":"publish","type":"post","link":"https:\/\/rnoticias.com.mx\/Portal\/2025\/06\/30\/mexicana-kenia-lechuga-gana-oro-en-copa-del-mundo-de-remo-en-italia\/","title":{"rendered":"Mexicana Kenia Lechuga gana oro en Copa del Mundo de Remo en Italia"},"content":{"rendered":"<p>La mexicana Kenia Lechuga Alan\u00eds obtuvo un logro hist\u00f3rico en su carrera deportiva, tras coronarse en la final de single scull peso ligero, con un tiempo de 7:34.51 minutos, en la Copa del Mundo de Remo 2025, que se realiza en Varese, Italia, del 13 al 15 de junio.<\/p>\n<div class=\"jeg_ad jeg_ad_article jnews_content_inline_ads  \"><\/div>\n<p>Para la seleccionada ol\u00edmpica de R\u00edo 2016, Tokio 2020 y Par\u00eds 2024, esta presea representa su primera medalla dorada en Copas del Mundo, ya que antes hab\u00eda ganado una plata y dos bronces.<\/p>\n<p>\u201cSi, estoy muy emocionada porque es mi primer oro en los eventos de la World Rowing; pienso que la primera parte (de la competencia) fue mejor para m\u00ed, trat\u00e9 de iniciar muy fuerte y s\u00f3lo pensaba en mi familia, mis amigos\u201d, declar\u00f3 la remera, quien acudi\u00f3 al certamen con el apoyo de la Comisi\u00f3n Nacional de Cultura F\u00edsica y Deporte (CONADE).<\/p>\n<p>\u201cQuiero agradecer a la CONADE, a nuestro director Rommel Pacheco y a la presidenta Claudia Sheinbaum por todo el apoyo, por poder estar aqu\u00ed y cumplir todos nuestros sue\u00f1os\u201d, destac\u00f3 la deportista ol\u00edmpica.<\/p>\n<p>Lechuga Alan\u00eds estuvo acompa\u00f1ada en el podio de honor por Lara Tiefenthaler de Austria, quien se qued\u00f3 con la insignia de plata, al cronometrar 7:38.26 minutos, mientras que, Maia Emilie Lund de Noruega obtuvo el metal de bronce con un tiempo de 7:42.43.<\/p>\n<p>Mientras que, la dupla mixta de para remo, conformada por Liliana Gallo Flores y Miguel Nieto Carpio, cerr\u00f3 en segundo lugar, con un tiempo de 8:49.85 minutos, en la final de PR2 Mix 2x, en la que Brasil se llev\u00f3 la \u00fanica presea, con un registro de 8:32.62, al ser solo dos pa\u00edses los finalistas, ya que otras naciones no culminaron.<\/p>\n<p>Este domingo continuar\u00e1n las competencias en la Copa del Mundo Varese 2025, en donde ver\u00e1 acci\u00f3n el mexicano Michel Mu\u00f1oz Malag\u00f3n en la final A de para remo PR1 M1x.<\/p>\n<p>Mientras que, la dupla mixta de para remo, conformada por Liliana Gallo Flores y Miguel Nieto Carpio, cerr\u00f3 en segundo lugar, con un tiempo de 8:49.85 minutos, en la final de PR2 Mix 2x, en la que Brasil se llev\u00f3 la \u00fanica presea, con un registro de 8:32.62, al ser solo dos pa\u00edses los finalistas, ya que otras naciones no culminaron.<\/p>\n<p>Este domingo continuar\u00e1n las competencias en la Copa del Mundo Varese 2025, en donde ver\u00e1 acci\u00f3n el mexicano Michel Mu\u00f1oz Malag\u00f3n en la final A de para remo PR1 M1x.<\/p>\n","protected":false},"excerpt":{"rendered":"<p>La mexicana Kenia Lechuga Alan\u00eds obtuvo un logro hist\u00f3rico en su carrera deportiva, tras coronarse en la final de single scull peso ligero, con un tiempo de 7:34.51 minutos, en la Copa del Mundo de Remo 2025, que se realiza en Varese, Italia, del 13 al 15 de junio. Para la seleccionada ol\u00edmpica de R\u00edo [&hellip;]<\/p>\n","protected":false},"author":2,"featured_media":223098,"comment_status":"closed","ping_status":"closed","sticky":false,"template":"","format":"standard","meta":{"footnotes":""},"categories":[188,12870],"tags":[5231,12865],"class_list":["post-223097","post","type-post","status-publish","format-standard","has-post-thumbnail","hentry","category-deportes","category-destacadas","tag-deportes","tag-destacadas"],"jetpack_featured_media_url":"https:\/\/rnoticias.com.mx\/Portal\/wp-content\/uploads\/2025\/06\/oro-varese-2025-2.webp","amp_enabled":true,"_links":{"self":[{"href":"https:\/\/rnoticias.com.mx\/Portal\/wp-json\/wp\/v2\/posts\/223097","targetHints":{"allow":["GET"]}}],"collection":[{"href":"https:\/\/rnoticias.com.mx\/Portal\/wp-json\/wp\/v2\/posts"}],"about":[{"href":"https:\/\/rnoticias.com.mx\/Portal\/wp-json\/wp\/v2\/types\/post"}],"author":[{"embeddable":true,"href":"https:\/\/rnoticias.com.mx\/Portal\/wp-json\/wp\/v2\/users\/2"}],"replies":[{"embeddable":true,"href":"https:\/\/rnoticias.com.mx\/Portal\/wp-json\/wp\/v2\/comments?post=223097"}],"version-history":[{"count":1,"href":"https:\/\/rnoticias.com.mx\/Portal\/wp-json\/wp\/v2\/posts\/223097\/revisions"}],"predecessor-version":[{"id":223099,"href":"https:\/\/rnoticias.com.mx\/Portal\/wp-json\/wp\/v2\/posts\/223097\/revisions\/223099"}],"wp:featuredmedia":[{"embeddable":true,"href":"https:\/\/rnoticias.com.mx\/Portal\/wp-json\/wp\/v2\/media\/223098"}],"wp:attachment":[{"href":"https:\/\/rnoticias.com.mx\/Portal\/wp-json\/wp\/v2\/media?parent=223097"}],"wp:term":[{"taxonomy":"category","embeddable":true,"href":"https:\/\/rnoticias.com.mx\/Portal\/wp-json\/wp\/v2\/categories?post=223097"},{"taxonomy":"post_tag","embeddable":true,"href":"https:\/\/rnoticias.com.mx\/Portal\/wp-json\/wp\/v2\/tags?post=223097"}],"curies":[{"name":"wp","href":"https:\/\/api.w.org\/{rel}","templated":true}]}}