{"id":223091,"date":"2025-06-30T10:22:46","date_gmt":"2025-06-30T17:22:46","guid":{"rendered":"https:\/\/rnoticias.com.mx\/Portal\/?p=223091"},"modified":"2025-06-30T10:22:46","modified_gmt":"2025-06-30T17:22:46","slug":"trump-visitara-nuevo-centro-de-detencion-de-inmigrantes-en-florida","status":"publish","type":"post","link":"https:\/\/rnoticias.com.mx\/Portal\/2025\/06\/30\/trump-visitara-nuevo-centro-de-detencion-de-inmigrantes-en-florida\/","title":{"rendered":"Trump visitar\u00e1 nuevo centro de detenci\u00f3n de inmigrantes en Florida"},"content":{"rendered":"<p>El presidente\u00a0<strong>Donald Trump<\/strong>\u00a0visitar\u00e1 un nuevo centro de detenci\u00f3n de inmigrantes en los Everglades de Florida el martes, destacando su represi\u00f3n fronteriza frente a preocupaciones humanitarias y ambientales.<\/p>\n<p>El viaje fue confirmado el lunes por el gobernador de Florida Ron DeSantis.<\/p>\n<p><strong><em>\u201cCuando el presidente venga ma\u00f1ana, va a poder ver\u201d,<\/em><\/strong>\u00a0declar\u00f3 DeSantis a los periodistas,\u00a0<em><strong>\u201ccreo que para ma\u00f1ana estar\u00e1 listo\u201d.<\/strong><\/em><\/p>\n<div id=\"eldia-682867822\" class=\"eldia-contenido eldia-target\" data-eldia-trackid=\"1573641\" data-eldia-trackbid=\"1\"><\/div>\n<div id=\"eldia-3613671627\" class=\"eldia-contenido-2 eldia-target\" data-eldia-trackid=\"1765657\" data-eldia-trackbid=\"1\"><\/div>\n<p>El gobernador, quien desafi\u00f3 sin \u00e9xito a Trump por la nominaci\u00f3n presidencial republicana el a\u00f1o pasado, indic\u00f3 que habl\u00f3 con Trump durante el fin de semana. Tambi\u00e9n mencion\u00f3 que el sitio obtuvo la aprobaci\u00f3n del Departamento de Seguridad Nacional.<\/p>\n<p>DeSantis expres\u00f3 durante una conferencia de prensa no relacionada en Wildwood:\u00a0<strong><em>\u201cLo que suceder\u00e1 es que llevar\u00e1n a la gente all\u00ed. No podr\u00e1n ir a ninguna parte una vez que est\u00e9n all\u00ed, a menos que sean llevados, porque no hay civilizaci\u00f3n cerca, as\u00ed que la seguridad es incre\u00edble\u201d.<\/em><\/strong><\/p>\n<p>La instalaci\u00f3n ha generado protestas por su posible impacto en el delicado ecosistema y cr\u00edticas de que Trump est\u00e1 tratando de enviar un mensaje cruel a los inmigrantes. Algunos l\u00edderes nativos americanos tambi\u00e9n se han opuesto a la construcci\u00f3n, diciendo que la tierra es sagrada.<\/p>\n<div class=\"stream-item stream-item-in-post stream-item-inline-post aligncenter\">\n<div class=\"stream-item-size\"><\/div>\n<\/div>\n<p>El centro de detenci\u00f3n se est\u00e1 construyendo en una pista de aterrizaje aislada a unos 80 kil\u00f3metros (unas 50 millas) al oeste de Miami, y podr\u00eda albergar a 5,000 detenidos. Los pantanos circundantes est\u00e1n llenos de mosquitos, pitones y caimanes.<\/p>\n<p>El fiscal general de Florida, James Uthmeier, dijo al comentarista de medios conservadores Benny Johnson:<strong><em>\u00a0\u201cRealmente no hay a d\u00f3nde ir. Si est\u00e1s alojado all\u00ed, si est\u00e1s detenido all\u00ed, no hay forma de entrar, ni de salir\u201d.<\/em><\/strong><\/p>\n<p>Ha descrito la instalaci\u00f3n como\u00a0<strong><em>\u201cAlcatraz con Caimanes\u201d,\u00a0<\/em><\/strong>un apodo adoptado por la administraci\u00f3n Trump. El Departamento de Seguridad Nacional public\u00f3 una imagen de caimanes con sombreros con el acr\u00f3nimo de la Oficina de Inmigraci\u00f3n y Control de Aduanas.<\/p>\n<p>Los funcionarios estatales en Florida est\u00e1n liderando la construcci\u00f3n, pero gran parte del costo est\u00e1 siendo cubierto por la<strong>\u00a0Agencia Federal para el Manejo de Emergencias,\u00a0<\/strong>o FEMA, que es m\u00e1s conocida por responder a huracanes y otros desastres naturales.<\/p>\n<p>&nbsp;<\/p>\n<p>AP<\/p>\n","protected":false},"excerpt":{"rendered":"<p>El presidente\u00a0Donald Trump\u00a0visitar\u00e1 un nuevo centro de detenci\u00f3n de inmigrantes en los Everglades de Florida el martes, destacando su represi\u00f3n fronteriza frente a preocupaciones humanitarias y ambientales. El viaje fue confirmado el lunes por el gobernador de Florida Ron DeSantis. \u201cCuando el presidente venga ma\u00f1ana, va a poder ver\u201d,\u00a0declar\u00f3 DeSantis a los periodistas,\u00a0\u201ccreo que para [&hellip;]<\/p>\n","protected":false},"author":2,"featured_media":223092,"comment_status":"closed","ping_status":"closed","sticky":false,"template":"","format":"standard","meta":{"footnotes":""},"categories":[12870,182],"tags":[12865,12871],"class_list":["post-223091","post","type-post","status-publish","format-standard","has-post-thumbnail","hentry","category-destacadas","category-internacional","tag-destacadas","tag-internacional"],"jetpack_featured_media_url":"https:\/\/rnoticias.com.mx\/Portal\/wp-content\/uploads\/2025\/06\/6d7faefec9551a556aa0c97d2562769007b4_11224549_20250630100113.jpg","amp_enabled":true,"_links":{"self":[{"href":"https:\/\/rnoticias.com.mx\/Portal\/wp-json\/wp\/v2\/posts\/223091","targetHints":{"allow":["GET"]}}],"collection":[{"href":"https:\/\/rnoticias.com.mx\/Portal\/wp-json\/wp\/v2\/posts"}],"about":[{"href":"https:\/\/rnoticias.com.mx\/Portal\/wp-json\/wp\/v2\/types\/post"}],"author":[{"embeddable":true,"href":"https:\/\/rnoticias.com.mx\/Portal\/wp-json\/wp\/v2\/users\/2"}],"replies":[{"embeddable":true,"href":"https:\/\/rnoticias.com.mx\/Portal\/wp-json\/wp\/v2\/comments?post=223091"}],"version-history":[{"count":1,"href":"https:\/\/rnoticias.com.mx\/Portal\/wp-json\/wp\/v2\/posts\/223091\/revisions"}],"predecessor-version":[{"id":223093,"href":"https:\/\/rnoticias.com.mx\/Portal\/wp-json\/wp\/v2\/posts\/223091\/revisions\/223093"}],"wp:featuredmedia":[{"embeddable":true,"href":"https:\/\/rnoticias.com.mx\/Portal\/wp-json\/wp\/v2\/media\/223092"}],"wp:attachment":[{"href":"https:\/\/rnoticias.com.mx\/Portal\/wp-json\/wp\/v2\/media?parent=223091"}],"wp:term":[{"taxonomy":"category","embeddable":true,"href":"https:\/\/rnoticias.com.mx\/Portal\/wp-json\/wp\/v2\/categories?post=223091"},{"taxonomy":"post_tag","embeddable":true,"href":"https:\/\/rnoticias.com.mx\/Portal\/wp-json\/wp\/v2\/tags?post=223091"}],"curies":[{"name":"wp","href":"https:\/\/api.w.org\/{rel}","templated":true}]}}