{"id":223088,"date":"2025-06-30T10:21:26","date_gmt":"2025-06-30T17:21:26","guid":{"rendered":"https:\/\/rnoticias.com.mx\/Portal\/?p=223088"},"modified":"2025-06-30T10:21:26","modified_gmt":"2025-06-30T17:21:26","slug":"trasladan-a-garcia-luna-a-penal-de-maxima-seguridad-en-eu","status":"publish","type":"post","link":"https:\/\/rnoticias.com.mx\/Portal\/2025\/06\/30\/trasladan-a-garcia-luna-a-penal-de-maxima-seguridad-en-eu\/","title":{"rendered":"Trasladan a Garc\u00eda Luna a penal de m\u00e1xima seguridad en EU"},"content":{"rendered":"<p><strong>El exsecretario de Seguridad P\u00fablica de la administraci\u00f3n de Felipe Calder\u00f3n (2006-2012), Genaro Garc\u00eda Luna<\/strong>, fue trasladado a la ADX Florence, c\u00e1rcel de m\u00e1xima seguridad de hombres, la cual se localiza en el<strong>\u00a0Estado de Colorado, Estados Unidos (EU).<\/strong><\/p>\n<p>Dicho cambio de la prisi\u00f3n est\u00e1 asentado en la p\u00e1gina de internet de la Oficina Federal de Prisiones (BOP por sus siglas en ingl\u00e9s), donde dicho funcionario p\u00fablico cuenta con el n\u00famero de registro 59745-177.<\/p>\n<p>Anteriormente, estaba en el Centro de Transferencia Federal, situado en el estado de Oklahoma, que alberga a reclusas y reclusos.<\/p>\n<div id=\"eldia-2709003869\" class=\"eldia-contenido eldia-target\" data-eldia-trackid=\"1573641\" data-eldia-trackbid=\"1\"><\/div>\n<div id=\"eldia-1627977904\" class=\"eldia-contenido-2 eldia-target\" data-eldia-trackid=\"1765657\" data-eldia-trackbid=\"1\"><\/div>\n<p><strong>Cabe mencionar que en esta misma prisi\u00f3n y desde febrero de 2019 est\u00e1 el narcotraficante mexicano Joaqu\u00edn \u201cEl Chapo\u201d Guzm\u00e1n, quien fue l\u00edder del C\u00e1rtel de Sinaloa y sentenciado a cadena perpetua m\u00e1s 30 a\u00f1os de c\u00e1rcel debido a cr\u00edmenes contra la salud.<\/strong><\/p>\n<h2 class=\"wp-block-heading\">\u00bfDe qu\u00e9 fue acusado y encontrado culpable Genaro Garc\u00eda Luna?<\/h2>\n<p>De acuerdo con la Oficina del Fiscal de Estados Unidos, el exsecretario de Seguridad P\u00fablica, Genaro Garc\u00eda Luna, fue condenado a 38 a\u00f1os de c\u00e1rcel y a pagar una multa consistente en dos millones de d\u00f3lares por haber apoyado al C\u00e1rtel de Sinaloa a cambio de sobornos, hecho declaraciones falsas y distribuir droga.<\/p>\n<p><strong>El exfuncionario p\u00fablico, de 56 a\u00f1os de edad, podr\u00e1 quedar en libertad el 19 de junio de 2052.<\/strong><\/p>\n<p>&nbsp;<\/p>\n<p>&nbsp;<\/p>\n<p>El Universal<\/p>\n","protected":false},"excerpt":{"rendered":"<p>El exsecretario de Seguridad P\u00fablica de la administraci\u00f3n de Felipe Calder\u00f3n (2006-2012), Genaro Garc\u00eda Luna, fue trasladado a la ADX Florence, c\u00e1rcel de m\u00e1xima seguridad de hombres, la cual se localiza en el\u00a0Estado de Colorado, Estados Unidos (EU). Dicho cambio de la prisi\u00f3n est\u00e1 asentado en la p\u00e1gina de internet de la Oficina Federal de [&hellip;]<\/p>\n","protected":false},"author":2,"featured_media":223089,"comment_status":"closed","ping_status":"closed","sticky":false,"template":"","format":"standard","meta":{"footnotes":""},"categories":[12870,182],"tags":[12865,12871],"class_list":["post-223088","post","type-post","status-publish","format-standard","has-post-thumbnail","hentry","category-destacadas","category-internacional","tag-destacadas","tag-internacional"],"jetpack_featured_media_url":"https:\/\/rnoticias.com.mx\/Portal\/wp-content\/uploads\/2025\/06\/genaro-garcia-luna-sentencia.webp","amp_enabled":true,"_links":{"self":[{"href":"https:\/\/rnoticias.com.mx\/Portal\/wp-json\/wp\/v2\/posts\/223088","targetHints":{"allow":["GET"]}}],"collection":[{"href":"https:\/\/rnoticias.com.mx\/Portal\/wp-json\/wp\/v2\/posts"}],"about":[{"href":"https:\/\/rnoticias.com.mx\/Portal\/wp-json\/wp\/v2\/types\/post"}],"author":[{"embeddable":true,"href":"https:\/\/rnoticias.com.mx\/Portal\/wp-json\/wp\/v2\/users\/2"}],"replies":[{"embeddable":true,"href":"https:\/\/rnoticias.com.mx\/Portal\/wp-json\/wp\/v2\/comments?post=223088"}],"version-history":[{"count":1,"href":"https:\/\/rnoticias.com.mx\/Portal\/wp-json\/wp\/v2\/posts\/223088\/revisions"}],"predecessor-version":[{"id":223090,"href":"https:\/\/rnoticias.com.mx\/Portal\/wp-json\/wp\/v2\/posts\/223088\/revisions\/223090"}],"wp:featuredmedia":[{"embeddable":true,"href":"https:\/\/rnoticias.com.mx\/Portal\/wp-json\/wp\/v2\/media\/223089"}],"wp:attachment":[{"href":"https:\/\/rnoticias.com.mx\/Portal\/wp-json\/wp\/v2\/media?parent=223088"}],"wp:term":[{"taxonomy":"category","embeddable":true,"href":"https:\/\/rnoticias.com.mx\/Portal\/wp-json\/wp\/v2\/categories?post=223088"},{"taxonomy":"post_tag","embeddable":true,"href":"https:\/\/rnoticias.com.mx\/Portal\/wp-json\/wp\/v2\/tags?post=223088"}],"curies":[{"name":"wp","href":"https:\/\/api.w.org\/{rel}","templated":true}]}}