{"id":223082,"date":"2025-06-30T10:12:58","date_gmt":"2025-06-30T17:12:58","guid":{"rendered":"https:\/\/rnoticias.com.mx\/Portal\/?p=223082"},"modified":"2025-06-30T10:12:58","modified_gmt":"2025-06-30T17:12:58","slug":"realiza-gobierno-de-hermosillo-mega-donacion-de-plantas-en-el-marco-del-dia-internacional-del-arbol","status":"publish","type":"post","link":"https:\/\/rnoticias.com.mx\/Portal\/2025\/06\/30\/realiza-gobierno-de-hermosillo-mega-donacion-de-plantas-en-el-marco-del-dia-internacional-del-arbol\/","title":{"rendered":"Realiza Gobierno de Hermosillo mega donaci\u00f3n de plantas en el marco del D\u00eda Internacional del \u00c1rbol"},"content":{"rendered":"<p><b data-olk-copy-source=\"MessageBody\">Hermosillo, Sonora; 29 de junio, 2025.-<\/b>Con la mega donaci\u00f3n de plantas que se realiz\u00f3 este s\u00e1bado en el Vivero Municipal, se entregaron 700 \u00e1rboles y arbustos, con lo que suman ya 13 mil \u00e1rboles donados en lo que va del a\u00f1o.<\/p>\n<p aria-hidden=\"true\">\n<p>En el marco del D\u00eda Internacional del \u00c1rbol, Servicios P\u00fablicos Municipales, a trav\u00e9s de Parques y Jardines, realiz\u00f3 por s\u00e9ptima ocasi\u00f3n la actividad como parte de las acciones para incentivar la plantaci\u00f3n de \u00e1rboles nativos y mejorar el medio ambiente.<\/p>\n<p aria-hidden=\"true\">\n<p>Rams\u00e9s Rodr\u00edguez, t\u00e9cnico especialista en reproducci\u00f3n de especies nativas del Vivero Municipal, dijo que normalmente regalan entre 500 y 600 \u00e1rboles y arbustos, pero en esta ocasi\u00f3n hubo mucha gente desde que abrieron este s\u00e1bado.<\/p>\n<p aria-hidden=\"true\">\n<p>\u201cLos chiltepines fueron de los m\u00e1s solicitados, junto con la lantana, vinoramas, palo verde y otras especies que se fueron agotando conforme fue llegando m\u00e1s gente\u201d, mencion\u00f3.<\/p>\n<p aria-hidden=\"true\">\n<p>Precis\u00f3 que, en este a\u00f1o, de febrero a la fecha, han donado 13 mil ejemplares y que pondr\u00e1n en pausa la actividad durante el mes de julio.<\/p>\n<p aria-hidden=\"true\">\n<p>\u201cEl mes de julio es el m\u00e1s caliente del a\u00f1o en el desierto sonorense, lo que significa una temperatura estival, y no es lo m\u00e1s recomendable cuando quieres plantar un \u00e1rbol; y la otra situaci\u00f3n es que las mejores etapas para poder plantar son un poquito previo a la lluvia. Si tienes la certeza de que ser\u00e1 un a\u00f1o con lluvia, vas a tener buena posibilidad\u201d, explic\u00f3 el especialista.<\/p>\n","protected":false},"excerpt":{"rendered":"<p>Hermosillo, Sonora; 29 de junio, 2025.-Con la mega donaci\u00f3n de plantas que se realiz\u00f3 este s\u00e1bado en el Vivero Municipal, se entregaron 700 \u00e1rboles y arbustos, con lo que suman ya 13 mil \u00e1rboles donados en lo que va del a\u00f1o. En el marco del D\u00eda Internacional del \u00c1rbol, Servicios P\u00fablicos Municipales, a trav\u00e9s de [&hellip;]<\/p>\n","protected":false},"author":2,"featured_media":223083,"comment_status":"closed","ping_status":"closed","sticky":false,"template":"","format":"standard","meta":{"footnotes":""},"categories":[12870,178],"tags":[12865,12869],"class_list":["post-223082","post","type-post","status-publish","format-standard","has-post-thumbnail","hentry","category-destacadas","category-local","tag-destacadas","tag-local"],"jetpack_featured_media_url":"https:\/\/rnoticias.com.mx\/Portal\/wp-content\/uploads\/2025\/06\/descarga-7.png","amp_enabled":true,"_links":{"self":[{"href":"https:\/\/rnoticias.com.mx\/Portal\/wp-json\/wp\/v2\/posts\/223082","targetHints":{"allow":["GET"]}}],"collection":[{"href":"https:\/\/rnoticias.com.mx\/Portal\/wp-json\/wp\/v2\/posts"}],"about":[{"href":"https:\/\/rnoticias.com.mx\/Portal\/wp-json\/wp\/v2\/types\/post"}],"author":[{"embeddable":true,"href":"https:\/\/rnoticias.com.mx\/Portal\/wp-json\/wp\/v2\/users\/2"}],"replies":[{"embeddable":true,"href":"https:\/\/rnoticias.com.mx\/Portal\/wp-json\/wp\/v2\/comments?post=223082"}],"version-history":[{"count":1,"href":"https:\/\/rnoticias.com.mx\/Portal\/wp-json\/wp\/v2\/posts\/223082\/revisions"}],"predecessor-version":[{"id":223084,"href":"https:\/\/rnoticias.com.mx\/Portal\/wp-json\/wp\/v2\/posts\/223082\/revisions\/223084"}],"wp:featuredmedia":[{"embeddable":true,"href":"https:\/\/rnoticias.com.mx\/Portal\/wp-json\/wp\/v2\/media\/223083"}],"wp:attachment":[{"href":"https:\/\/rnoticias.com.mx\/Portal\/wp-json\/wp\/v2\/media?parent=223082"}],"wp:term":[{"taxonomy":"category","embeddable":true,"href":"https:\/\/rnoticias.com.mx\/Portal\/wp-json\/wp\/v2\/categories?post=223082"},{"taxonomy":"post_tag","embeddable":true,"href":"https:\/\/rnoticias.com.mx\/Portal\/wp-json\/wp\/v2\/tags?post=223082"}],"curies":[{"name":"wp","href":"https:\/\/api.w.org\/{rel}","templated":true}]}}