{"id":223000,"date":"2025-06-28T09:43:12","date_gmt":"2025-06-28T16:43:12","guid":{"rendered":"https:\/\/rnoticias.com.mx\/Portal\/?p=223000"},"modified":"2025-06-28T09:43:12","modified_gmt":"2025-06-28T16:43:12","slug":"abandonan-restos-humanos-en-veracruz-camara-capto-el-momento","status":"publish","type":"post","link":"https:\/\/rnoticias.com.mx\/Portal\/2025\/06\/28\/abandonan-restos-humanos-en-veracruz-camara-capto-el-momento\/","title":{"rendered":"Abandonan restos humanos en Veracruz; c\u00e1mara capt\u00f3 el momento"},"content":{"rendered":"<p>Una camioneta con restos humanos fue abandonada en calles de Veracruz, a plena luz del d\u00eda.<\/p>\n<div class=\"jeg_ad jeg_ad_article jnews_content_inline_ads  \"><\/div>\n<p>Habitantes de Cerro Azul reportaron la presencia de una camioneta estacionada, con la cajuela abierta y tres cabezas cercenadas sobre la v\u00eda p\u00fablica.<\/p>\n<p>Autoridades se movilizaron al lugar y confirmaron que se trataba de tres hombres.<\/p>\n<p>Se presume que los cuerpos de las v\u00edctimas yac\u00edan dentro de la cajuela del veh\u00edculo.<\/p>\n<p>Asimismo fue dejado un mensaje de advertencia en el que se indica que \u201cla plaza\u201d s\u00ed tiene due\u00f1o.<\/p>\n<p>Hasta el momento se desconoce la identidad de las v\u00edctimas.<\/p>\n<p>C\u00e1mara capt\u00f3 el abandono de restos humanos en Veracruz<\/p>\n<p>Una c\u00e1mara de seguridad particular capt\u00f3 el momento en que fue abandonada una camioneta en calles de Veracruz, con restos humanos dentro.<\/p>\n<p>En las im\u00e1genes se aprecia el momento en que dos sujetos descienden de la camioneta.<\/p>\n<p>Uno de los implicados abre la cajuela y despliega la manta de advertencia, para despu\u00e9s sacar tres bolsas de basura y tirarlas detr\u00e1s de la unidad.<\/p>\n<p>Fue el c\u00f3mplice, conductor de la unidad, quien abri\u00f3 las bolsas y dej\u00f3 caer las cabezas de los tres hombres y las acomod\u00f3.<\/p>\n<p>Instantes despu\u00e9s, ambos sujetos abordaron un veh\u00edculo que los estaba esperando y escaparon sin que hasta el momento se conozca su identidad y paradero.<\/p>\n<p>El veh\u00edculo en el que fueron abandonados los restos humanos tiene placas de circulaci\u00f3n YKU-073-A.<\/p>\n","protected":false},"excerpt":{"rendered":"<p>Una camioneta con restos humanos fue abandonada en calles de Veracruz, a plena luz del d\u00eda. Habitantes de Cerro Azul reportaron la presencia de una camioneta estacionada, con la cajuela abierta y tres cabezas cercenadas sobre la v\u00eda p\u00fablica. Autoridades se movilizaron al lugar y confirmaron que se trataba de tres hombres. Se presume que [&hellip;]<\/p>\n","protected":false},"author":2,"featured_media":223001,"comment_status":"closed","ping_status":"closed","sticky":false,"template":"","format":"standard","meta":{"footnotes":""},"categories":[12870,172],"tags":[12865,12874],"class_list":["post-223000","post","type-post","status-publish","format-standard","has-post-thumbnail","hentry","category-destacadas","category-nacional","tag-destacadas","tag-nacional"],"jetpack_featured_media_url":"https:\/\/rnoticias.com.mx\/Portal\/wp-content\/uploads\/2025\/06\/5MQJVDV5KRE6PHEQ7CH4VPHXNA.jpg","amp_enabled":true,"_links":{"self":[{"href":"https:\/\/rnoticias.com.mx\/Portal\/wp-json\/wp\/v2\/posts\/223000","targetHints":{"allow":["GET"]}}],"collection":[{"href":"https:\/\/rnoticias.com.mx\/Portal\/wp-json\/wp\/v2\/posts"}],"about":[{"href":"https:\/\/rnoticias.com.mx\/Portal\/wp-json\/wp\/v2\/types\/post"}],"author":[{"embeddable":true,"href":"https:\/\/rnoticias.com.mx\/Portal\/wp-json\/wp\/v2\/users\/2"}],"replies":[{"embeddable":true,"href":"https:\/\/rnoticias.com.mx\/Portal\/wp-json\/wp\/v2\/comments?post=223000"}],"version-history":[{"count":1,"href":"https:\/\/rnoticias.com.mx\/Portal\/wp-json\/wp\/v2\/posts\/223000\/revisions"}],"predecessor-version":[{"id":223002,"href":"https:\/\/rnoticias.com.mx\/Portal\/wp-json\/wp\/v2\/posts\/223000\/revisions\/223002"}],"wp:featuredmedia":[{"embeddable":true,"href":"https:\/\/rnoticias.com.mx\/Portal\/wp-json\/wp\/v2\/media\/223001"}],"wp:attachment":[{"href":"https:\/\/rnoticias.com.mx\/Portal\/wp-json\/wp\/v2\/media?parent=223000"}],"wp:term":[{"taxonomy":"category","embeddable":true,"href":"https:\/\/rnoticias.com.mx\/Portal\/wp-json\/wp\/v2\/categories?post=223000"},{"taxonomy":"post_tag","embeddable":true,"href":"https:\/\/rnoticias.com.mx\/Portal\/wp-json\/wp\/v2\/tags?post=223000"}],"curies":[{"name":"wp","href":"https:\/\/api.w.org\/{rel}","templated":true}]}}