{"id":222985,"date":"2025-06-28T08:43:26","date_gmt":"2025-06-28T15:43:26","guid":{"rendered":"https:\/\/rnoticias.com.mx\/Portal\/?p=222985"},"modified":"2025-06-28T08:43:26","modified_gmt":"2025-06-28T15:43:26","slug":"gobierno-de-sonora-lleva-servicios-y-apoyos-a-familias-vulnerables-de-puerto-penasco","status":"publish","type":"post","link":"https:\/\/rnoticias.com.mx\/Portal\/2025\/06\/28\/gobierno-de-sonora-lleva-servicios-y-apoyos-a-familias-vulnerables-de-puerto-penasco\/","title":{"rendered":"Gobierno de Sonora lleva servicios y apoyos a familias vulnerables de Puerto Pe\u00f1asco"},"content":{"rendered":"<p>Puerto Pe\u00f1asco, Sonora; 28 de junio de 2025.- El Gobierno de Sonora, a trav\u00e9s del Sistema DIF Sonora, realiz\u00f3 la brigada \u201cDIF Sonora para ti\u201d en el municipio de Puerto Pe\u00f1asco, con el objetivo de acercar servicios, donaciones y apoyos a poblaci\u00f3n en situaci\u00f3n de alta vulnerabilidad, contribuyendo as\u00ed a mejorar su calidad de vida.<\/p>\n<p>La brigada forma parte de la estrategia impulsada por el gobernador Alfonso Durazo para garantizar que las acciones del Gobierno de Sonora lleguen directamente a las comunidades que m\u00e1s lo necesitan, especialmente en regiones alejadas o con condiciones de rezago social.<\/p>\n<p>Como parte de esta actividad, se ofrecieron servicios como optometr\u00eda, atenci\u00f3n m\u00e9dica, apoyo alimentario, protecci\u00f3n animal, entre otros; adem\u00e1s de la entrega de ropa, calzado escolar, uniformes, juguetes y despensas a ni\u00f1as, ni\u00f1os, adolescentes y personas adultas mayores.<\/p>\n<p>Durante la jornada tambi\u00e9n se entregaron proyectos productivos a personas con discapacidad de los municipios de Puerto Pe\u00f1asco, General Plutarco El\u00edas Calles y San Luis R\u00edo Colorado. Entre los apoyos entregados se incluyen carretas de hot dog, cocinas econ\u00f3micas, refresquer\u00edas y marisquer\u00edas, dise\u00f1adas para fortalecer su autonom\u00eda econ\u00f3mica y promover su inclusi\u00f3n social.<\/p>\n<p>La directora general del Sistema DIF Sonora, Lizeth V\u00e1squez Ochoa, destac\u00f3 la importancia de estas brigadas como un esfuerzo conjunto por llevar los programas y servicios del DIF a cada rinc\u00f3n del estado; adem\u00e1s, reiter\u00f3 el compromiso de la instituci\u00f3n para seguir recorriendo el estado con acciones que generen un impacto positivo en la vida de quienes m\u00e1s lo necesitan.<\/p>\n","protected":false},"excerpt":{"rendered":"<p>Puerto Pe\u00f1asco, Sonora; 28 de junio de 2025.- El Gobierno de Sonora, a trav\u00e9s del Sistema DIF Sonora, realiz\u00f3 la brigada \u201cDIF Sonora para ti\u201d en el municipio de Puerto Pe\u00f1asco, con el objetivo de acercar servicios, donaciones y apoyos a poblaci\u00f3n en situaci\u00f3n de alta vulnerabilidad, contribuyendo as\u00ed a mejorar su calidad de vida. [&hellip;]<\/p>\n","protected":false},"author":2,"featured_media":222986,"comment_status":"closed","ping_status":"closed","sticky":false,"template":"","format":"standard","meta":{"footnotes":""},"categories":[12870,174],"tags":[12865,12873],"class_list":["post-222985","post","type-post","status-publish","format-standard","has-post-thumbnail","hentry","category-destacadas","category-estatal","tag-destacadas","tag-estatal"],"jetpack_featured_media_url":"https:\/\/rnoticias.com.mx\/Portal\/wp-content\/uploads\/2025\/06\/unnamed-131.jpg","amp_enabled":true,"_links":{"self":[{"href":"https:\/\/rnoticias.com.mx\/Portal\/wp-json\/wp\/v2\/posts\/222985","targetHints":{"allow":["GET"]}}],"collection":[{"href":"https:\/\/rnoticias.com.mx\/Portal\/wp-json\/wp\/v2\/posts"}],"about":[{"href":"https:\/\/rnoticias.com.mx\/Portal\/wp-json\/wp\/v2\/types\/post"}],"author":[{"embeddable":true,"href":"https:\/\/rnoticias.com.mx\/Portal\/wp-json\/wp\/v2\/users\/2"}],"replies":[{"embeddable":true,"href":"https:\/\/rnoticias.com.mx\/Portal\/wp-json\/wp\/v2\/comments?post=222985"}],"version-history":[{"count":1,"href":"https:\/\/rnoticias.com.mx\/Portal\/wp-json\/wp\/v2\/posts\/222985\/revisions"}],"predecessor-version":[{"id":222987,"href":"https:\/\/rnoticias.com.mx\/Portal\/wp-json\/wp\/v2\/posts\/222985\/revisions\/222987"}],"wp:featuredmedia":[{"embeddable":true,"href":"https:\/\/rnoticias.com.mx\/Portal\/wp-json\/wp\/v2\/media\/222986"}],"wp:attachment":[{"href":"https:\/\/rnoticias.com.mx\/Portal\/wp-json\/wp\/v2\/media?parent=222985"}],"wp:term":[{"taxonomy":"category","embeddable":true,"href":"https:\/\/rnoticias.com.mx\/Portal\/wp-json\/wp\/v2\/categories?post=222985"},{"taxonomy":"post_tag","embeddable":true,"href":"https:\/\/rnoticias.com.mx\/Portal\/wp-json\/wp\/v2\/tags?post=222985"}],"curies":[{"name":"wp","href":"https:\/\/api.w.org\/{rel}","templated":true}]}}