{"id":222980,"date":"2025-06-27T19:24:24","date_gmt":"2025-06-28T02:24:24","guid":{"rendered":"https:\/\/rnoticias.com.mx\/Portal\/?p=222980"},"modified":"2025-06-27T19:24:24","modified_gmt":"2025-06-28T02:24:24","slug":"cuba-califica-de-racista-denegacion-de-visas-de-eeuu-a-seleccionado-de-voleibol","status":"publish","type":"post","link":"https:\/\/rnoticias.com.mx\/Portal\/2025\/06\/27\/cuba-califica-de-racista-denegacion-de-visas-de-eeuu-a-seleccionado-de-voleibol\/","title":{"rendered":"Cuba califica de \u201cracista\u201d denegaci\u00f3n de visas de EEUU a seleccionado de voleibol"},"content":{"rendered":"<p>El gobierno cubano calific\u00f3 el viernes de \u201c<strong><em>racista<\/em><\/strong>\u201d la denegaci\u00f3n de visas para que el seleccionado nacional de voleibol femenino pueda participar en un torneo clasificatorio en Puerto Rico.<\/p>\n<p>Esta es la primera consecuencia de la inclusi\u00f3n de Cuba en\u00a0una lista de\u00a0<strong>12 pa\u00edses\u00a0<\/strong>con restricciones\u00a0a la entrega de documentaci\u00f3n para ingresar a Estados Unidos o sus territorios dispuesta por la administraci\u00f3n del presidente Donald Trump que entr\u00f3 en vigor a comienzos de junio y se aplica a nacionales de Afganist\u00e1n, Rep\u00fablica del Congo, Ir\u00e1n y Venezuela, entre otras naciones.<\/p>\n<p><strong><em>\u201cDenegaci\u00f3n de visados por gobierno EEUU a equipo voleibol femenino Cuba para torneo en Puerto Rico, es parte de lista racista y xen\u00f3foba de restricciones visas\u201d<\/em><\/strong>, escribi\u00f3 en su cuenta de X, antes Twitter, el canciller cubano Bruno Rodr\u00edguez.<\/p>\n<p>Un pedido de comentarios de AP a la embajada de Estados Unidos en Cuba no tuvo respuesta en lo inmediato.<\/p>\n<p>Estados Unidos mantiene sanciones contra Cuba desde hace m\u00e1s de seis d\u00e9cadas presionando un cambio de modelo pol\u00edtico que se hicieron m\u00e1s intensas bajo la administraci\u00f3n de Trump.<\/p>\n<p>Un comunicado de la Federaci\u00f3n de Voleibol cubano inform\u00f3 el jueves por la noche que la embajada de Estados Unidos en Cuba hab\u00eda rechazado los permisos al equipo compuesto por 12 atletas, un \u00e1rbitro y varios entrenadores por lo que no podr\u00e1n asistir al torneo a realizarse en\u00a0<strong>Puerto Rico<\/strong>\u00a0del 16 al 21 de julio.<\/p>\n<p>El torneo llamado<strong><em>\u00a0\u201cFinal Four\u201d<\/em><\/strong>, de la Confederaci\u00f3n de Norteam\u00e9rica, Centroam\u00e9rica y el Caribe de Voleibol, forma parte de la ruta de clasificaci\u00f3n para los Juegos Centroamericanos y del Caribe de Santo Domingo 2026 y para los mundiales de la disciplina.<\/p>\n","protected":false},"excerpt":{"rendered":"<p>El gobierno cubano calific\u00f3 el viernes de \u201cracista\u201d la denegaci\u00f3n de visas para que el seleccionado nacional de voleibol femenino pueda participar en un torneo clasificatorio en Puerto Rico. Esta es la primera consecuencia de la inclusi\u00f3n de Cuba en\u00a0una lista de\u00a012 pa\u00edses\u00a0con restricciones\u00a0a la entrega de documentaci\u00f3n para ingresar a Estados Unidos o sus [&hellip;]<\/p>\n","protected":false},"author":2,"featured_media":222981,"comment_status":"closed","ping_status":"closed","sticky":false,"template":"","format":"standard","meta":{"footnotes":""},"categories":[188,12870],"tags":[5231,12865],"class_list":["post-222980","post","type-post","status-publish","format-standard","has-post-thumbnail","hentry","category-deportes","category-destacadas","tag-deportes","tag-destacadas"],"jetpack_featured_media_url":"https:\/\/rnoticias.com.mx\/Portal\/wp-content\/uploads\/2025\/06\/GUA-CUB-11-scaled-1.jpg","amp_enabled":true,"_links":{"self":[{"href":"https:\/\/rnoticias.com.mx\/Portal\/wp-json\/wp\/v2\/posts\/222980","targetHints":{"allow":["GET"]}}],"collection":[{"href":"https:\/\/rnoticias.com.mx\/Portal\/wp-json\/wp\/v2\/posts"}],"about":[{"href":"https:\/\/rnoticias.com.mx\/Portal\/wp-json\/wp\/v2\/types\/post"}],"author":[{"embeddable":true,"href":"https:\/\/rnoticias.com.mx\/Portal\/wp-json\/wp\/v2\/users\/2"}],"replies":[{"embeddable":true,"href":"https:\/\/rnoticias.com.mx\/Portal\/wp-json\/wp\/v2\/comments?post=222980"}],"version-history":[{"count":1,"href":"https:\/\/rnoticias.com.mx\/Portal\/wp-json\/wp\/v2\/posts\/222980\/revisions"}],"predecessor-version":[{"id":222982,"href":"https:\/\/rnoticias.com.mx\/Portal\/wp-json\/wp\/v2\/posts\/222980\/revisions\/222982"}],"wp:featuredmedia":[{"embeddable":true,"href":"https:\/\/rnoticias.com.mx\/Portal\/wp-json\/wp\/v2\/media\/222981"}],"wp:attachment":[{"href":"https:\/\/rnoticias.com.mx\/Portal\/wp-json\/wp\/v2\/media?parent=222980"}],"wp:term":[{"taxonomy":"category","embeddable":true,"href":"https:\/\/rnoticias.com.mx\/Portal\/wp-json\/wp\/v2\/categories?post=222980"},{"taxonomy":"post_tag","embeddable":true,"href":"https:\/\/rnoticias.com.mx\/Portal\/wp-json\/wp\/v2\/tags?post=222980"}],"curies":[{"name":"wp","href":"https:\/\/api.w.org\/{rel}","templated":true}]}}