{"id":222968,"date":"2025-06-27T19:12:46","date_gmt":"2025-06-28T02:12:46","guid":{"rendered":"https:\/\/rnoticias.com.mx\/Portal\/?p=222968"},"modified":"2025-06-27T19:12:46","modified_gmt":"2025-06-28T02:12:46","slug":"anuncia-unison-segunda-convocatoria-del-premio-nacional-de-literatura-fantastica","status":"publish","type":"post","link":"https:\/\/rnoticias.com.mx\/Portal\/2025\/06\/27\/anuncia-unison-segunda-convocatoria-del-premio-nacional-de-literatura-fantastica\/","title":{"rendered":"Anuncia Unison segunda convocatoria del Premio Nacional de Literatura Fant\u00e1stica"},"content":{"rendered":"<p>La Universidad de Sonora, a trav\u00e9s del Fondo Editorial, present\u00f3 hoy la segunda convocatoria del Premio Nacional de Literatura Fant\u00e1stica Universidad de Sonora 2025, con lo que reafirma el compromiso a la promoci\u00f3n de la creaci\u00f3n literaria en los g\u00e9neros de ciencia ficci\u00f3n y cuento de terror.<\/p>\n<p>Esta ma\u00f1ana, en rueda de prensa, el coordinador del Fondo Editorial, Iv\u00e1n Antonio Ballesteros Rojo, destac\u00f3 que con esta convocatoria tambi\u00e9n se cumple con la tarea esencial de impulsar obras literarias de gran calidad, y que estar\u00e1 vigente del 27 de junio 18 de agosto del a\u00f1o en curso.<\/p>\n<p>\u201cLa convocatoria est\u00e1 abierta al p\u00fablico en general sin restricci\u00f3n de edad o afiliaci\u00f3n institucional, se busca la participaci\u00f3n de voces nuevas y consolidadas en el panorama literario nacional reafirmando el compromiso de la Universidad con la cultura, la creaci\u00f3n, la imaginaci\u00f3n y el pensamiento cr\u00edtico\u201d, expres\u00f3.<\/p>\n<p>Por su parte, la jefa del Departamento de Letras y Ling\u00fc\u00edstica, Elva \u00c1lvarez L\u00f3pez, expres\u00f3 que la invitaci\u00f3n a participar en esta segunda edici\u00f3n de la citada convocatoria, es para quienes, desde su creatividad y habilidad, tienen la sensibilidad para escribir, leer y para expresar sus pensamientos.<\/p>\n<p>&nbsp;<\/p>\n<p><strong>Convocatoria 2025<\/strong><\/p>\n<p>Entre las novedades de la convocatoria 2025 se encuentra la ampliaci\u00f3n en la extensi\u00f3n permitida para las obras; en el caso de las novelas de ciencia ficci\u00f3n, ahora se aceptar\u00e1n manuscritos de entre 100 y 200 p\u00e1ginas, atendiendo las recomendaciones de los participantes del a\u00f1o anterior; mientras que, para el cuento de terror, mantiene su rango de hasta 200 p\u00e1ginas.<\/p>\n<p>Otro cambio significativo es la implementaci\u00f3n de una nueva plataforma digital para el registro, a fin de que los autores suban sus textos de manera r\u00e1pida y sencilla, con lo que se eliminar\u00e1 la necesidad de env\u00edos f\u00edsicos, se ampliar\u00e1 el acceso al concurso y facilitar\u00e1 la participaci\u00f3n de escritores de cualquier parte del pa\u00eds.<\/p>\n<p>El premio para cada categor\u00eda consiste en un \u00fanico est\u00edmulo econ\u00f3mico de 40 mil pesos, adem\u00e1s de la publicaci\u00f3n de la obra ganadora por el Fondo Editorial.<\/p>\n<p>&nbsp;<\/p>\n<p><strong>Exitosa respuesta para la primera edici\u00f3n<\/strong><\/p>\n<p>Durante el anuncio de la segunda edici\u00f3n del Premio Nacional de Literatura Fant\u00e1stica Universidad de Sonora 2025, Ballesteros Rojo comparti\u00f3 algunos logros obtenidos en 2024 y destac\u00f3 el registro de 295 participantes, de los cuales, 134 cumplieron con todos los requisitos en sus propuestas.<\/p>\n<p>&nbsp;<\/p>\n<p>Record\u00f3 que, en la categor\u00eda de cuento de terror, el ganador fue Federico Vitte y en la categor\u00eda de novela de ciencia ficci\u00f3n, el primer lugar fue para el joven autor Victor Parra Villanera.<\/p>\n<p>\u201cLa calidad de las obras recibidas en 2024 fue altamente destacada por el jurado y la diversidad entre los ganadores, demostr\u00f3 el equilibrio y la apertura del certamen\u201d, consider\u00f3 el responsable del Fondo Editorial Universidad de Sonora.<\/p>\n<p>En la rueda de prensa tambi\u00e9n estuvieron la coordinadora de la Licenciatura en Literaturas Hisp\u00e1nicas, Galicia Garc\u00eda Plancarte, y el escritor Daniel Avechuco Cabrera.<\/p>\n<p>&nbsp;<\/p>\n","protected":false},"excerpt":{"rendered":"<p>La Universidad de Sonora, a trav\u00e9s del Fondo Editorial, present\u00f3 hoy la segunda convocatoria del Premio Nacional de Literatura Fant\u00e1stica Universidad de Sonora 2025, con lo que reafirma el compromiso a la promoci\u00f3n de la creaci\u00f3n literaria en los g\u00e9neros de ciencia ficci\u00f3n y cuento de terror. Esta ma\u00f1ana, en rueda de prensa, el coordinador [&hellip;]<\/p>\n","protected":false},"author":2,"featured_media":222969,"comment_status":"closed","ping_status":"closed","sticky":false,"template":"","format":"standard","meta":{"footnotes":""},"categories":[178],"tags":[12869],"class_list":["post-222968","post","type-post","status-publish","format-standard","has-post-thumbnail","hentry","category-local","tag-local"],"jetpack_featured_media_url":"https:\/\/rnoticias.com.mx\/Portal\/wp-content\/uploads\/2025\/06\/RUEDA-DE-PRENSA-CONVOCATORIA-2.jpg","amp_enabled":true,"_links":{"self":[{"href":"https:\/\/rnoticias.com.mx\/Portal\/wp-json\/wp\/v2\/posts\/222968","targetHints":{"allow":["GET"]}}],"collection":[{"href":"https:\/\/rnoticias.com.mx\/Portal\/wp-json\/wp\/v2\/posts"}],"about":[{"href":"https:\/\/rnoticias.com.mx\/Portal\/wp-json\/wp\/v2\/types\/post"}],"author":[{"embeddable":true,"href":"https:\/\/rnoticias.com.mx\/Portal\/wp-json\/wp\/v2\/users\/2"}],"replies":[{"embeddable":true,"href":"https:\/\/rnoticias.com.mx\/Portal\/wp-json\/wp\/v2\/comments?post=222968"}],"version-history":[{"count":1,"href":"https:\/\/rnoticias.com.mx\/Portal\/wp-json\/wp\/v2\/posts\/222968\/revisions"}],"predecessor-version":[{"id":222970,"href":"https:\/\/rnoticias.com.mx\/Portal\/wp-json\/wp\/v2\/posts\/222968\/revisions\/222970"}],"wp:featuredmedia":[{"embeddable":true,"href":"https:\/\/rnoticias.com.mx\/Portal\/wp-json\/wp\/v2\/media\/222969"}],"wp:attachment":[{"href":"https:\/\/rnoticias.com.mx\/Portal\/wp-json\/wp\/v2\/media?parent=222968"}],"wp:term":[{"taxonomy":"category","embeddable":true,"href":"https:\/\/rnoticias.com.mx\/Portal\/wp-json\/wp\/v2\/categories?post=222968"},{"taxonomy":"post_tag","embeddable":true,"href":"https:\/\/rnoticias.com.mx\/Portal\/wp-json\/wp\/v2\/tags?post=222968"}],"curies":[{"name":"wp","href":"https:\/\/api.w.org\/{rel}","templated":true}]}}