{"id":222962,"date":"2025-06-27T18:21:20","date_gmt":"2025-06-28T01:21:20","guid":{"rendered":"https:\/\/rnoticias.com.mx\/Portal\/?p=222962"},"modified":"2025-06-27T18:21:20","modified_gmt":"2025-06-28T01:21:20","slug":"wendy-y-margaleff-conduciran-post-gala-de-la-casa-de-los-famosos","status":"publish","type":"post","link":"https:\/\/rnoticias.com.mx\/Portal\/2025\/06\/27\/wendy-y-margaleff-conduciran-post-gala-de-la-casa-de-los-famosos\/","title":{"rendered":"Wendy y Margaleff conducir\u00e1n post gala de la casa de los famosos"},"content":{"rendered":"<p>La producci\u00f3n de La casa de los famosos M\u00e9xico confirm\u00f3 que los conductores de la emisi\u00f3n por\u00a0<strong>ViX ser\u00e1n Wendy Guevara y Ricardo Margaleff<\/strong>, estando a cargo de las pre y post galas que se presentan en esa plataforma con din\u00e1micas, invitados y el mejor contenido, sin censura, de lo ocurrido con los habitantes durante esta temporada.<\/p>\n<p>&nbsp;<\/p>\n<p>El p\u00fablico podr\u00e1 adentrarse en la realidad del reality a trav\u00e9s de\u00a0<strong>Las Estrellas, Canal 5 y la plataforma ViX,<\/strong>\u00a0con transmisiones sin censura 24\/7.<\/p>\n<p>&nbsp;<\/p>\n<p>La casa de los famosos M\u00e9xico estrenar\u00e1 por Las Estrellas el pr\u00f3ximo\u00a0<strong>domingo 27 de julio, a las 20:30 horas.<\/strong><\/p>\n","protected":false},"excerpt":{"rendered":"<p>La producci\u00f3n de La casa de los famosos M\u00e9xico confirm\u00f3 que los conductores de la emisi\u00f3n por\u00a0ViX ser\u00e1n Wendy Guevara y Ricardo Margaleff, estando a cargo de las pre y post galas que se presentan en esa plataforma con din\u00e1micas, invitados y el mejor contenido, sin censura, de lo ocurrido con los habitantes durante esta [&hellip;]<\/p>\n","protected":false},"author":2,"featured_media":222963,"comment_status":"closed","ping_status":"closed","sticky":false,"template":"","format":"standard","meta":{"footnotes":""},"categories":[12870,219],"tags":[12865,12875],"class_list":["post-222962","post","type-post","status-publish","format-standard","has-post-thumbnail","hentry","category-destacadas","category-espectaculos","tag-destacadas","tag-espectaculos"],"jetpack_featured_media_url":"https:\/\/rnoticias.com.mx\/Portal\/wp-content\/uploads\/2025\/06\/descarga-13.jpg","amp_enabled":true,"_links":{"self":[{"href":"https:\/\/rnoticias.com.mx\/Portal\/wp-json\/wp\/v2\/posts\/222962","targetHints":{"allow":["GET"]}}],"collection":[{"href":"https:\/\/rnoticias.com.mx\/Portal\/wp-json\/wp\/v2\/posts"}],"about":[{"href":"https:\/\/rnoticias.com.mx\/Portal\/wp-json\/wp\/v2\/types\/post"}],"author":[{"embeddable":true,"href":"https:\/\/rnoticias.com.mx\/Portal\/wp-json\/wp\/v2\/users\/2"}],"replies":[{"embeddable":true,"href":"https:\/\/rnoticias.com.mx\/Portal\/wp-json\/wp\/v2\/comments?post=222962"}],"version-history":[{"count":1,"href":"https:\/\/rnoticias.com.mx\/Portal\/wp-json\/wp\/v2\/posts\/222962\/revisions"}],"predecessor-version":[{"id":222964,"href":"https:\/\/rnoticias.com.mx\/Portal\/wp-json\/wp\/v2\/posts\/222962\/revisions\/222964"}],"wp:featuredmedia":[{"embeddable":true,"href":"https:\/\/rnoticias.com.mx\/Portal\/wp-json\/wp\/v2\/media\/222963"}],"wp:attachment":[{"href":"https:\/\/rnoticias.com.mx\/Portal\/wp-json\/wp\/v2\/media?parent=222962"}],"wp:term":[{"taxonomy":"category","embeddable":true,"href":"https:\/\/rnoticias.com.mx\/Portal\/wp-json\/wp\/v2\/categories?post=222962"},{"taxonomy":"post_tag","embeddable":true,"href":"https:\/\/rnoticias.com.mx\/Portal\/wp-json\/wp\/v2\/tags?post=222962"}],"curies":[{"name":"wp","href":"https:\/\/api.w.org\/{rel}","templated":true}]}}