{"id":222958,"date":"2025-06-27T18:19:25","date_gmt":"2025-06-28T01:19:25","guid":{"rendered":"https:\/\/rnoticias.com.mx\/Portal\/?p=222958"},"modified":"2025-06-27T18:19:25","modified_gmt":"2025-06-28T01:19:25","slug":"ine-sonora-concluye-proceso-electoral-extraordinario-para-la-eleccion-de-diversos-cargos-del-poder-judicial-de-la-federacion-2024-2025","status":"publish","type":"post","link":"https:\/\/rnoticias.com.mx\/Portal\/2025\/06\/27\/ine-sonora-concluye-proceso-electoral-extraordinario-para-la-eleccion-de-diversos-cargos-del-poder-judicial-de-la-federacion-2024-2025\/","title":{"rendered":"INE Sonora concluye Proceso Electoral Extraordinario para la Elecci\u00f3n de diversos cargos del Poder Judicial de la Federaci\u00f3n 2024-2025"},"content":{"rendered":"<p class=\"x_MsoNormal\"><span data-olk-copy-source=\"MessageBody\">\u00a0<\/span><\/p>\n<p class=\"x_MsoNormal\">Hoy viernes 27 de junio de 2025, en sesi\u00f3n extraordinaria, el Consejo Local del Instituto Nacional Electoral (INE) en el estado de Sonora concluy\u00f3 con \u00e9xito sus actividades relativas al\u00a0Proceso Electoral Extraordinario para la Elecci\u00f3n de diversos cargos del Poder Judicial de la Federaci\u00f3n 2024-2025.<b><\/b><\/p>\n<p class=\"x_Default\">En la \u00faltima sesi\u00f3n extraordinaria del Consejo Local, la Presidenta del Consejo, Ver\u00f3nica Sandoval Casta\u00f1eada realiz\u00f3 la\u00a0declaraci\u00f3n de inicio de la sesi\u00f3n extraordinaria para realizar\u00a0la conclusi\u00f3n del Proceso Electoral Extraordinario del Poder Judicial de la Federaci\u00f3n 2024-2025.<\/p>\n<p class=\"x_Default\" aria-hidden=\"true\">\n<p class=\"x_Default\">Ver\u00f3nica Sandoval Casta\u00f1eda, inform\u00f3 que se integraron los expedientes y se remitieron a la autoridad correspondiente para emitir la sumatoria nacional de las elecciones y realizar la asignaci\u00f3n a las personas que obtuvieron el mayor n\u00famero de votos, en forma paritaria y que ocupar\u00e1n los cargos que se eligieron el pasado 1 de junio de 2025.<\/p>\n<p class=\"x_Default\">\n<p class=\"x_Default\">Durante el desarrollo de la sesi\u00f3n, se presentaron los informes finales de las actividades realizadas por las Comisiones del Consejo y las Vocal\u00edas de la Junta Local Ejecutiva.<\/p>\n<p>La presidenta del Consejo Local, Ver\u00f3nica Sandoval mencion\u00f3 que, mil 437 observadores electorales tuvieron presencia en las casillas el d\u00eda de la Jornada Electoral y de acuerdo con el reporte de las y los vocales ejecutivos, en las sesiones de c\u00f3mputo se cont\u00f3 con la presencia de esta figura<strong>.<\/strong><\/p>\n<p>As\u00ed mismo, inform\u00f3 que se han recibido 19 informes de las actividades observadas, los cuales fueron presentados en el portal p\u00fablico, siendo de estos 14 de las Juntas Local y Distritales de Hermosillo. El portal de observadores electorales para la captura de informes se cierra el 1 de julio.<\/p>\n<p class=\"x_Default\">De igual forma,\u00a0se dio cuenta de la recepci\u00f3n de los siguientes Juicios de Inconformidad (JIN) ante los Consejos Distritales de la entidad en contra de los resultados consignados en los c\u00f3mputos distritales de las elecciones:<\/p>\n<p class=\"x_MsoNormal\">\n<div align=\"center\">\n<table class=\"x_MsoTableGrid\" border=\"1\" width=\"589\" cellspacing=\"0\" cellpadding=\"0\">\n<tbody>\n<tr>\n<td width=\"66\">\n<p class=\"x_MsoNormal\" align=\"center\"><b>Consejo<\/b><\/p>\n<p class=\"x_MsoNormal\" align=\"center\"><b>Distrital<\/b><\/p>\n<\/td>\n<td width=\"141\">\n<p class=\"x_MsoNormal\" align=\"center\"><b>Expediente INE<\/b><\/p>\n<\/td>\n<td width=\"86\">\n<p class=\"x_MsoNormal\" align=\"center\"><b>Fecha de presentaci\u00f3n<\/b><\/p>\n<\/td>\n<td width=\"94\">\n<p class=\"x_MsoNormal\" align=\"center\"><b>V\u00eda de presentaci\u00f3n<\/b><\/p>\n<\/td>\n<td width=\"87\">\n<p class=\"x_MsoNormal\" align=\"center\"><b>Elecci\u00f3n impugnada<\/b><\/p>\n<\/td>\n<td width=\"55\">\n<p class=\"x_MsoNormal\" align=\"center\"><b>Expediente TEPJF<\/b><\/p>\n<\/td>\n<td width=\"60\">\n<p class=\"x_MsoNormal\" align=\"center\"><b>Estado<\/b><\/p>\n<\/td>\n<\/tr>\n<tr>\n<td width=\"66\">\n<p class=\"x_MsoNormal\" align=\"center\">01<\/p>\n<\/td>\n<td width=\"141\">\n<p class=\"x_MsoNormal\" align=\"center\">INE-ITG\/CD1\/SON\/1\/2025<\/p>\n<\/td>\n<td rowspan=\"4\" width=\"86\">\n<p class=\"x_MsoNormal\" align=\"center\">08\/06\/2025<\/p>\n<\/td>\n<td rowspan=\"4\" width=\"94\">\n<p class=\"x_MsoNormal\" align=\"center\">Juicio en l\u00ednea<\/p>\n<\/td>\n<td rowspan=\"4\" width=\"87\">\n<p class=\"x_MsoNormal\" align=\"center\">Magistraturas de Circuito<\/p>\n<\/td>\n<td rowspan=\"4\" width=\"55\">\n<p class=\"x_MsoNormal\" align=\"center\">SUP-JIN-79-2025<\/p>\n<\/td>\n<td width=\"60\">\n<p class=\"x_MsoNormal\" align=\"center\">desechada<\/p>\n<\/td>\n<\/tr>\n<tr>\n<td width=\"66\">\n<p class=\"x_MsoNormal\" align=\"center\">02<\/p>\n<\/td>\n<td width=\"141\">\n<p class=\"x_MsoNormal\" align=\"center\">INE-ITG\/CD5\/SON\/1\/2025<\/p>\n<\/td>\n<td width=\"60\">\n<p class=\"x_MsoNormal\">desechada<\/p>\n<\/td>\n<\/tr>\n<tr>\n<td width=\"66\">\n<p class=\"x_MsoNormal\" align=\"center\">03<\/p>\n<\/td>\n<td width=\"141\">\n<p class=\"x_MsoNormal\" align=\"center\">INE-ITG\/CD3\/SON\/1\/2025<\/p>\n<\/td>\n<td width=\"60\">\n<p class=\"x_MsoNormal\">desechada<\/p>\n<\/td>\n<\/tr>\n<tr>\n<td width=\"66\">\n<p class=\"x_MsoNormal\" align=\"center\">05<\/p>\n<\/td>\n<td width=\"141\">\n<p class=\"x_MsoNormal\" align=\"center\">INE-ITG\/CD5\/SON\/1\/2025<\/p>\n<\/td>\n<td width=\"60\">\n<p class=\"x_MsoNormal\">desechada<\/p>\n<\/td>\n<\/tr>\n<\/tbody>\n<\/table>\n<\/div>\n<p class=\"x_MsoNormal\">\n<p class=\"x_MsoNormal\">Asimismo, derivado del c\u00f3mputo de entidad federativa y circuito judicial, se recibi\u00f3 el siguiente Juicio de Inconformidad ante este Consejo Local de la entidad:<\/p>\n<p class=\"x_MsoNormal\">\n<div align=\"center\">\n<table class=\"x_MsoTableGrid\" border=\"1\" width=\"509\" cellspacing=\"0\" cellpadding=\"0\">\n<tbody>\n<tr>\n<td width=\"134\">\n<p class=\"x_MsoNormal\" align=\"center\"><b>Expediente INE<\/b><\/p>\n<\/td>\n<td width=\"97\">\n<p class=\"x_MsoNormal\" align=\"center\"><b>Fecha de presentaci\u00f3n<\/b><\/p>\n<\/td>\n<td width=\"97\">\n<p class=\"x_MsoNormal\" align=\"center\"><b>V\u00eda de presentaci\u00f3n<\/b><\/p>\n<\/td>\n<td width=\"95\">\n<p class=\"x_MsoNormal\" align=\"center\"><b>Elecci\u00f3n impugnada<\/b><\/p>\n<\/td>\n<td width=\"85\">\n<p class=\"x_MsoNormal\" align=\"center\"><b>Expediente TEPJF<\/b><\/p>\n<\/td>\n<\/tr>\n<tr>\n<td width=\"134\">\n<p class=\"x_MsoNormal\" align=\"center\">INE-ITG\/CL\/SON\/1\/2025<\/p>\n<\/td>\n<td width=\"97\">\n<p class=\"x_MsoNormal\" align=\"center\">16\/06\/2025<\/p>\n<\/td>\n<td width=\"97\">\n<p class=\"x_MsoNormal\" align=\"center\">Juicio en l\u00ednea<\/p>\n<\/td>\n<td width=\"95\">\n<p class=\"x_MsoNormal\" align=\"center\">Magistraturas de Circuito<\/p>\n<\/td>\n<td width=\"85\">\n<p class=\"x_MsoNormal\" align=\"center\">SUP-JIN-201-2025<\/p>\n<\/td>\n<\/tr>\n<\/tbody>\n<\/table>\n<\/div>\n<p class=\"x_MsoNormal\">\n<p class=\"x_MsoNormal\">Ver\u00f3nica Sandoval Casta\u00f1eda, Presidenta del Consejo Local indic\u00f3\u00a0que, de las cinco impugnaciones presentadas en Sonora en contra de la elecci\u00f3n de Magistraturas de Circuito, cuatro ya fueron desechadas por la Sala Superior del Tribunal Electoral y una sigue en tr\u00e1mite.<\/p>\n<p class=\"x_MsoNormal\"><b>\u00a0<\/b><\/p>\n<p class=\"x_Default\">En su mensaje sobre la conclusi\u00f3n del Proceso Electoral Extraordinario del Poder Judicial de la Federaci\u00f3n 2024-2025, la Presidencia del Consejo Local manifest\u00f3 que \u201cHoy despu\u00e9s de 7 meses de trabajo de este consejo, desde su instalaci\u00f3n el 2 de diciembre de 2024, se cierran los trabajos de este Consejo, confirmando que el INE Sonora cumpli\u00f3 con la tarea.<\/p>\n<p>Y cumpli\u00f3, sorteando las distintas circunstancias legales, presupuestales, pol\u00edticas y sociales que se fueron presentando, logrando que el personal del INE llevar\u00e1 a cabo su trabajo\u00a0 en un proceso tranquilo, sin incidentes de inseguridad, sin robo de urnas o boletas; todos los paquetes fueron entregados en los consejos, nuestros c\u00f3mputos se desarrollaron con normalidad, sin problemas t\u00e9cnicos, pero sobre todo, INE Sonora cumpli\u00f3 con su trabajo para que las y los sonorenses tuvieran su casilla instalada y sus boletas esperando acudieran a las urnas a ejercer su voto y este fuera contado y representado\u201d, dijo.<\/p>\n<p>.<\/p>\n<p>Finalmente, reconoci\u00f3 y agradeci\u00f3 el apoyo de las autoridades e instituciones p\u00fablicas, de seguridad de los tres niveles de gobierno, a las y los integrantes del Consejo General del IEEyPC de Sonora, a todo el apoyo brindado por consejeras y consejeros de todo el estado, al personal del Servicio Profesional y administrativo del Instituto y a todos los contratados para alguna actividad del Proceso Electoral.<\/p>\n<p>\u201cCerramos los trabajos de este Consejo, pero el Proceso Electoral concluye hasta que se resuelva la \u00faltima impugnaci\u00f3n de todas elecciones en el pa\u00eds. En el INE Sonora nos adaptamos a los cambios, y cumplimos la tarea. Ahora estamos listas y listos para organizar lo que venga, nuestra pr\u00f3xima elecci\u00f3n o ejercicio de participaci\u00f3n ciudadana, y lo haremos como lo ordene la Constituci\u00f3n y las leyes federales\u201d, extern\u00f3<\/p>\n<p class=\"x_MsoNormal\">La sesi\u00f3n se llev\u00f3 a cabo en las instalaciones de la Junta Local Ejecutiva, estando presentes la presidenta del Consejo, Ver\u00f3nica Sandoval Casta\u00f1eda, la Secretario, Karina Lirieth Moreno Ca\u00f1ez, las y los Consejeros del Consejo Local,\u00a0Mar\u00eda Guadalupe Carrillo L\u00f3pez, Ana Silvia Cruz Navarro, Jos\u00e9 Manuel F\u00e9lix Noriega, Javier Alejandro Lugo Sau, Lourdes Moreno Porchas y Francisco Javier Barreras Lerma, las y los Vocales de la Junta Local Ejecutiva, Luz Elena Flores S\u00e1nchez, Vocal del RFE, Cesar Loustaunau Pellat, Vocal de OE, y Jannet Piteros M\u00e9ndez Vocal (CEYEC).<\/p>\n<p class=\"x_Default\">\n","protected":false},"excerpt":{"rendered":"<p>\u00a0 Hoy viernes 27 de junio de 2025, en sesi\u00f3n extraordinaria, el Consejo Local del Instituto Nacional Electoral (INE) en el estado de Sonora concluy\u00f3 con \u00e9xito sus actividades relativas al\u00a0Proceso Electoral Extraordinario para la Elecci\u00f3n de diversos cargos del Poder Judicial de la Federaci\u00f3n 2024-2025. En la \u00faltima sesi\u00f3n extraordinaria del Consejo Local, la [&hellip;]<\/p>\n","protected":false},"author":2,"featured_media":222959,"comment_status":"closed","ping_status":"closed","sticky":false,"template":"","format":"standard","meta":{"footnotes":""},"categories":[12870,12868],"tags":[12865,12879],"class_list":["post-222958","post","type-post","status-publish","format-standard","has-post-thumbnail","hentry","category-destacadas","category-politica","tag-destacadas","tag-politica"],"jetpack_featured_media_url":"https:\/\/rnoticias.com.mx\/Portal\/wp-content\/uploads\/2025\/06\/0--scaled.jpg","amp_enabled":true,"_links":{"self":[{"href":"https:\/\/rnoticias.com.mx\/Portal\/wp-json\/wp\/v2\/posts\/222958","targetHints":{"allow":["GET"]}}],"collection":[{"href":"https:\/\/rnoticias.com.mx\/Portal\/wp-json\/wp\/v2\/posts"}],"about":[{"href":"https:\/\/rnoticias.com.mx\/Portal\/wp-json\/wp\/v2\/types\/post"}],"author":[{"embeddable":true,"href":"https:\/\/rnoticias.com.mx\/Portal\/wp-json\/wp\/v2\/users\/2"}],"replies":[{"embeddable":true,"href":"https:\/\/rnoticias.com.mx\/Portal\/wp-json\/wp\/v2\/comments?post=222958"}],"version-history":[{"count":1,"href":"https:\/\/rnoticias.com.mx\/Portal\/wp-json\/wp\/v2\/posts\/222958\/revisions"}],"predecessor-version":[{"id":222960,"href":"https:\/\/rnoticias.com.mx\/Portal\/wp-json\/wp\/v2\/posts\/222958\/revisions\/222960"}],"wp:featuredmedia":[{"embeddable":true,"href":"https:\/\/rnoticias.com.mx\/Portal\/wp-json\/wp\/v2\/media\/222959"}],"wp:attachment":[{"href":"https:\/\/rnoticias.com.mx\/Portal\/wp-json\/wp\/v2\/media?parent=222958"}],"wp:term":[{"taxonomy":"category","embeddable":true,"href":"https:\/\/rnoticias.com.mx\/Portal\/wp-json\/wp\/v2\/categories?post=222958"},{"taxonomy":"post_tag","embeddable":true,"href":"https:\/\/rnoticias.com.mx\/Portal\/wp-json\/wp\/v2\/tags?post=222958"}],"curies":[{"name":"wp","href":"https:\/\/api.w.org\/{rel}","templated":true}]}}