{"id":222952,"date":"2025-06-27T18:17:34","date_gmt":"2025-06-28T01:17:34","guid":{"rendered":"https:\/\/rnoticias.com.mx\/Portal\/?p=222952"},"modified":"2025-06-27T18:17:34","modified_gmt":"2025-06-28T01:17:34","slug":"firman-convenio-agua-de-hermosillo-con-isap-para-ofrecer-posgrados-con-descuentos-a-trabajadores-y-sus-familias","status":"publish","type":"post","link":"https:\/\/rnoticias.com.mx\/Portal\/2025\/06\/27\/firman-convenio-agua-de-hermosillo-con-isap-para-ofrecer-posgrados-con-descuentos-a-trabajadores-y-sus-familias\/","title":{"rendered":"Firman convenio Agua de Hermosillo con ISAP para ofrecer posgrados con descuentos a trabajadores y sus familias"},"content":{"rendered":"<p><b data-olk-copy-source=\"MessageBody\">Hermosillo, Sonora a junio de 2025.-<\/b>\u00a0Con el objetivo de brindar oportunidades de desarrollo profesional y acad\u00e9mico a los trabajadores de Agua de Hermosillo y sus familias, el organismo firm\u00f3 un convenio de colaboraci\u00f3n con el Instituto Sonorense de Administraci\u00f3n P\u00fablica (ISAP).<\/p>\n<p aria-hidden=\"true\">\n<p>La firma del acuerdo estuvo a cargo del presidente del ISAP, Rafael Valenzuela Mendoza, y la directora de Recursos Humanos de Agua de Hermosillo, Sandra Urbalejo, quien asisti\u00f3 en representaci\u00f3n del director general, Renato Ulloa Valdez.<\/p>\n<p aria-hidden=\"true\">\n<p>El convenio establece descuentos especiales en programas de posgrado del ISAP, incluyendo maestr\u00edas y doctorados en \u00e1reas clave para el desarrollo del servicio p\u00fablico y la gesti\u00f3n institucional. Entre los beneficios destaca un 50% de descuento en el costo de inscripci\u00f3n y 20% en las mensualidades vigentes para trabajadores del organismo y sus hijos e hijas.<\/p>\n<p><b>\u00a0<\/b><\/p>\n<p><b>Programas disponibles<\/b><\/p>\n<p aria-hidden=\"true\">\n<p><b>Maestr\u00edas<\/b><\/p>\n<p>\u2022Administraci\u00f3n P\u00fablica<\/p>\n<p>\u2022Gesti\u00f3n de Salud Institucional<\/p>\n<p>\u2022Competencias Ejecutivas para la Gesti\u00f3n P\u00fablica<\/p>\n<p>\u2022Gesti\u00f3n Educativa<\/p>\n<p aria-hidden=\"true\">\n<p><b>\u00a0Costos<\/b><\/p>\n<p>\u2022Inscripci\u00f3n: $3,330<\/p>\n<p>\u2022Mensualidad: $3,980<\/p>\n<p><b>\u00a0<\/b><\/p>\n<p><b>\u00a0Convocatoria de agosto<\/b><\/p>\n<p aria-hidden=\"true\">\n<p>\u2022Cierre de inscripciones: Viernes 15 de agosto<\/p>\n<p>\u2022Inicio de actividades: Mi\u00e9rcoles 20 de agosto<\/p>\n<p>\u2022Sesi\u00f3n de inducci\u00f3n: S\u00e1bado 30 de agosto<\/p>\n<p aria-hidden=\"true\">\n<p><b>\u00a0*Doctorados*<\/b><\/p>\n<p>\u2022Administraci\u00f3n P\u00fablica<\/p>\n<p>\u2022Gesti\u00f3n de Salud Institucional<\/p>\n<p><b>\u00a0<\/b><\/p>\n<p><b>Costos<\/b><\/p>\n<p aria-hidden=\"true\">\n<p>\u2022Inscripci\u00f3n: $3,430<\/p>\n<p>\u2022Mensualidad: $4,460<\/p>\n<p aria-hidden=\"true\">\n<p><b>Convocatoria de agosto<\/b><\/p>\n<p>\u2022Cierre de inscripciones: Viernes 8 de agosto<\/p>\n<p>\u2022Inicio de actividades: Mi\u00e9rcoles 13 de agosto<\/p>\n<p>\u2022Sesi\u00f3n de inducci\u00f3n: S\u00e1bado 23 de agosto<\/p>\n<p><b>\u00a0<\/b><\/p>\n<p><b>\u00a0Modalidades acad\u00e9micas<\/b><\/p>\n<p aria-hidden=\"true\">\n<p>Los programas se ofrecen en modalidad semipresencial y en l\u00ednea, con una duraci\u00f3n de un mes por materia. Las sesiones presenciales se llevar\u00e1n a cabo una vez al mes, los s\u00e1bados de 9:00 a 13:00 horas en las instalaciones del ISAP.<\/p>\n<p aria-hidden=\"true\">\n<p>\u00a0<b>Requisitos<\/b><\/p>\n<p aria-hidden=\"true\">\n<p>Tanto para maestr\u00edas como para doctorados, los aspirantes deber\u00e1n presentar documentos como acta de nacimiento, copias de t\u00edtulos y c\u00e9dulas profesionales (seg\u00fan el nivel de estudios), CURP, cartas de recomendaci\u00f3n, exposici\u00f3n de motivos y curr\u00edculum vitae con fotograf\u00eda. Toda la documentaci\u00f3n debe enviarse al correo:\u00a0<a title=\"mailto:posgrados@iapsonora.com\" href=\"mailto:posgrados@iapsonora.com\">posgrados@iapsonora.com<\/a><\/p>\n<p aria-hidden=\"true\">\n<p>Para m\u00e1s informaci\u00f3n, los interesados pueden escribir a admision@iapsonora.com o comunicarse al tel\u00e9fono 662 367 4228.<\/p>\n<p aria-hidden=\"true\">\n<p>Con este convenio, Agua de Hermosillo reafirma su compromiso con el crecimiento acad\u00e9mico de su personal y sus familias, promoviendo el acceso a una formaci\u00f3n de calidad que impulse la mejora continua en el servicio p\u00fablico.<\/p>\n","protected":false},"excerpt":{"rendered":"<p>Hermosillo, Sonora a junio de 2025.-\u00a0Con el objetivo de brindar oportunidades de desarrollo profesional y acad\u00e9mico a los trabajadores de Agua de Hermosillo y sus familias, el organismo firm\u00f3 un convenio de colaboraci\u00f3n con el Instituto Sonorense de Administraci\u00f3n P\u00fablica (ISAP). La firma del acuerdo estuvo a cargo del presidente del ISAP, Rafael Valenzuela Mendoza, [&hellip;]<\/p>\n","protected":false},"author":2,"featured_media":222953,"comment_status":"closed","ping_status":"closed","sticky":false,"template":"","format":"standard","meta":{"footnotes":""},"categories":[12870,178],"tags":[12865,12869],"class_list":["post-222952","post","type-post","status-publish","format-standard","has-post-thumbnail","hentry","category-destacadas","category-local","tag-destacadas","tag-local"],"jetpack_featured_media_url":"https:\/\/rnoticias.com.mx\/Portal\/wp-content\/uploads\/2025\/06\/descarga-5.png","amp_enabled":true,"_links":{"self":[{"href":"https:\/\/rnoticias.com.mx\/Portal\/wp-json\/wp\/v2\/posts\/222952","targetHints":{"allow":["GET"]}}],"collection":[{"href":"https:\/\/rnoticias.com.mx\/Portal\/wp-json\/wp\/v2\/posts"}],"about":[{"href":"https:\/\/rnoticias.com.mx\/Portal\/wp-json\/wp\/v2\/types\/post"}],"author":[{"embeddable":true,"href":"https:\/\/rnoticias.com.mx\/Portal\/wp-json\/wp\/v2\/users\/2"}],"replies":[{"embeddable":true,"href":"https:\/\/rnoticias.com.mx\/Portal\/wp-json\/wp\/v2\/comments?post=222952"}],"version-history":[{"count":1,"href":"https:\/\/rnoticias.com.mx\/Portal\/wp-json\/wp\/v2\/posts\/222952\/revisions"}],"predecessor-version":[{"id":222954,"href":"https:\/\/rnoticias.com.mx\/Portal\/wp-json\/wp\/v2\/posts\/222952\/revisions\/222954"}],"wp:featuredmedia":[{"embeddable":true,"href":"https:\/\/rnoticias.com.mx\/Portal\/wp-json\/wp\/v2\/media\/222953"}],"wp:attachment":[{"href":"https:\/\/rnoticias.com.mx\/Portal\/wp-json\/wp\/v2\/media?parent=222952"}],"wp:term":[{"taxonomy":"category","embeddable":true,"href":"https:\/\/rnoticias.com.mx\/Portal\/wp-json\/wp\/v2\/categories?post=222952"},{"taxonomy":"post_tag","embeddable":true,"href":"https:\/\/rnoticias.com.mx\/Portal\/wp-json\/wp\/v2\/tags?post=222952"}],"curies":[{"name":"wp","href":"https:\/\/api.w.org\/{rel}","templated":true}]}}