{"id":222949,"date":"2025-06-27T17:32:05","date_gmt":"2025-06-28T00:32:05","guid":{"rendered":"https:\/\/rnoticias.com.mx\/Portal\/?p=222949"},"modified":"2025-06-27T17:32:05","modified_gmt":"2025-06-28T00:32:05","slug":"presenta-diputada-rebeca-silva-iniciativa-para-fortalecer-derechos-politico-electorales-de-mujeres-indigenas","status":"publish","type":"post","link":"https:\/\/rnoticias.com.mx\/Portal\/2025\/06\/27\/presenta-diputada-rebeca-silva-iniciativa-para-fortalecer-derechos-politico-electorales-de-mujeres-indigenas\/","title":{"rendered":"Presenta diputada Rebeca Silva iniciativa para fortalecer derechos pol\u00edtico-electorales de mujeres ind\u00edgenas"},"content":{"rendered":"<p>Hermosillo, Sonora; 27 de junio de 2025.- La diputada Rebeca Silva Gallardo present\u00f3 una iniciativa con proyecto de decreto que propone reformar y adicionar diversas disposiciones de la Ley de Instituciones y Procedimientos Electorales, as\u00ed como de la Ley de Derechos de los Pueblos y Comunidades Ind\u00edgenas.<\/p>\n<p>En sesi\u00f3n de la Diputaci\u00f3n Permanente del Congreso del Estado, de este mi\u00e9rcoles, la legisladora por el partido Nueva Alianza Sonora (NAS) explic\u00f3 que el objetivo central de esta propuesta legislativa es garantizar certeza jur\u00eddica y plena protecci\u00f3n a los derechos pol\u00edtico-electorales de las mujeres ind\u00edgenas, quienes hist\u00f3ricamente han enfrentado m\u00faltiples barreras para ejercer sus derechos en condiciones de igualdad.<\/p>\n<p>Silva Gallardo detall\u00f3 que esta iniciativa busca armonizar la legislaci\u00f3n local con el marco jur\u00eddico federal, en apego a los principios constitucionales de igualdad y paridad de g\u00e9nero. Asimismo, enfatiz\u00f3 que la propuesta surge de los planteamientos y demandas expresadas en el Cuarto y Sexto Parlamento de las Mujeres Sonorenses.<\/p>\n<p>La iniciativa fue turnada a la Comisi\u00f3n de Asuntos Ind\u00edgenas para su an\u00e1lisis, estudio y dictaminaci\u00f3n correspondiente.<\/p>\n","protected":false},"excerpt":{"rendered":"<p>Hermosillo, Sonora; 27 de junio de 2025.- La diputada Rebeca Silva Gallardo present\u00f3 una iniciativa con proyecto de decreto que propone reformar y adicionar diversas disposiciones de la Ley de Instituciones y Procedimientos Electorales, as\u00ed como de la Ley de Derechos de los Pueblos y Comunidades Ind\u00edgenas. En sesi\u00f3n de la Diputaci\u00f3n Permanente del Congreso [&hellip;]<\/p>\n","protected":false},"author":2,"featured_media":222950,"comment_status":"closed","ping_status":"closed","sticky":false,"template":"","format":"standard","meta":{"footnotes":""},"categories":[12870,12868],"tags":[12865,12879],"class_list":["post-222949","post","type-post","status-publish","format-standard","has-post-thumbnail","hentry","category-destacadas","category-politica","tag-destacadas","tag-politica"],"jetpack_featured_media_url":"https:\/\/rnoticias.com.mx\/Portal\/wp-content\/uploads\/2025\/06\/e1108813-1b7c-48d5-ba91-c4cfcf227900.jpg","amp_enabled":true,"_links":{"self":[{"href":"https:\/\/rnoticias.com.mx\/Portal\/wp-json\/wp\/v2\/posts\/222949","targetHints":{"allow":["GET"]}}],"collection":[{"href":"https:\/\/rnoticias.com.mx\/Portal\/wp-json\/wp\/v2\/posts"}],"about":[{"href":"https:\/\/rnoticias.com.mx\/Portal\/wp-json\/wp\/v2\/types\/post"}],"author":[{"embeddable":true,"href":"https:\/\/rnoticias.com.mx\/Portal\/wp-json\/wp\/v2\/users\/2"}],"replies":[{"embeddable":true,"href":"https:\/\/rnoticias.com.mx\/Portal\/wp-json\/wp\/v2\/comments?post=222949"}],"version-history":[{"count":1,"href":"https:\/\/rnoticias.com.mx\/Portal\/wp-json\/wp\/v2\/posts\/222949\/revisions"}],"predecessor-version":[{"id":222951,"href":"https:\/\/rnoticias.com.mx\/Portal\/wp-json\/wp\/v2\/posts\/222949\/revisions\/222951"}],"wp:featuredmedia":[{"embeddable":true,"href":"https:\/\/rnoticias.com.mx\/Portal\/wp-json\/wp\/v2\/media\/222950"}],"wp:attachment":[{"href":"https:\/\/rnoticias.com.mx\/Portal\/wp-json\/wp\/v2\/media?parent=222949"}],"wp:term":[{"taxonomy":"category","embeddable":true,"href":"https:\/\/rnoticias.com.mx\/Portal\/wp-json\/wp\/v2\/categories?post=222949"},{"taxonomy":"post_tag","embeddable":true,"href":"https:\/\/rnoticias.com.mx\/Portal\/wp-json\/wp\/v2\/tags?post=222949"}],"curies":[{"name":"wp","href":"https:\/\/api.w.org\/{rel}","templated":true}]}}