{"id":222946,"date":"2025-06-27T17:31:16","date_gmt":"2025-06-28T00:31:16","guid":{"rendered":"https:\/\/rnoticias.com.mx\/Portal\/?p=222946"},"modified":"2025-06-27T17:31:16","modified_gmt":"2025-06-28T00:31:16","slug":"diputadas-y-diputados-representan-a-sonora-en-la-comision-sonora-arizona","status":"publish","type":"post","link":"https:\/\/rnoticias.com.mx\/Portal\/2025\/06\/27\/diputadas-y-diputados-representan-a-sonora-en-la-comision-sonora-arizona\/","title":{"rendered":"Diputadas y diputados representan a Sonora en la Comisi\u00f3n Sonora-Arizona"},"content":{"rendered":"<p>Phoenix, Arizona; 26 de junio de 2025. \u2013 Con la participaci\u00f3n de los legisladores Amairany Pe\u00f1a Escalante (PES), vicepresidenta de la Mesa Directiva, Marcela &#8220;Maval&#8221; Valenzuela Nevarez (Morena) y Ren\u00e9 Garc\u00eda Rojo (PT) en representaci\u00f3n del Congreso del Estado de Sonora, este jueves iniciaron los trabajos de la 66\u00aa Asamblea de la Comisi\u00f3n Sonora-Arizona, encabezada por el gobernador Alfonso Durazo Monta\u00f1o y la gobernadora de Arizona, Katie Hobbs, con el objetivo de consolidar acuerdos que fortalezcan la frontera como un puente de oportunidades y cooperaci\u00f3n.<\/p>\n<p>En la apertura, la gobernadora Katie Hobbs reconoci\u00f3 el compromiso binacional para impulsar el desarrollo conjunto entre Sonora y Arizona. Por su parte, el gobernador Alfonso Durazo destac\u00f3 a Arizona como aliado estrat\u00e9gico y la participaci\u00f3n de diputadas y diputados sonorenses en esta agenda de cooperaci\u00f3n.<\/p>\n<p>En el marco de esta edici\u00f3n de la asamblea, y acompa\u00f1ados por funcionarios, empresarios y representantes de Arizona y Canad\u00e1, las legisladoras y legisladores de Sonora destacaron la importancia de impulsar y consolidar las relaciones sociales y econ\u00f3micas entre ambos estados, con miras a proyectarlos como una megarregi\u00f3n con presencia en el \u00e1mbito internacional.<\/p>\n<p>Las actividades continuar\u00e1n este viernes con las reuniones de los comit\u00e9s binacionales en temas clave como infraestructura y transporte; energ\u00eda; agronegocios; educaci\u00f3n; desarrollo econ\u00f3mico; seguridad; turismo; bienes ra\u00edces; manejo de emergencias; agua y medio ambiente; y salud, entre otros.<\/p>\n","protected":false},"excerpt":{"rendered":"<p>Phoenix, Arizona; 26 de junio de 2025. \u2013 Con la participaci\u00f3n de los legisladores Amairany Pe\u00f1a Escalante (PES), vicepresidenta de la Mesa Directiva, Marcela &#8220;Maval&#8221; Valenzuela Nevarez (Morena) y Ren\u00e9 Garc\u00eda Rojo (PT) en representaci\u00f3n del Congreso del Estado de Sonora, este jueves iniciaron los trabajos de la 66\u00aa Asamblea de la Comisi\u00f3n Sonora-Arizona, encabezada [&hellip;]<\/p>\n","protected":false},"author":2,"featured_media":222947,"comment_status":"closed","ping_status":"closed","sticky":false,"template":"","format":"standard","meta":{"footnotes":""},"categories":[12870,12868],"tags":[12865,12879],"class_list":["post-222946","post","type-post","status-publish","format-standard","has-post-thumbnail","hentry","category-destacadas","category-politica","tag-destacadas","tag-politica"],"jetpack_featured_media_url":"https:\/\/rnoticias.com.mx\/Portal\/wp-content\/uploads\/2025\/06\/52fdaadb-1ec5-4536-bd90-a5018b8567bb.jpg","amp_enabled":true,"_links":{"self":[{"href":"https:\/\/rnoticias.com.mx\/Portal\/wp-json\/wp\/v2\/posts\/222946","targetHints":{"allow":["GET"]}}],"collection":[{"href":"https:\/\/rnoticias.com.mx\/Portal\/wp-json\/wp\/v2\/posts"}],"about":[{"href":"https:\/\/rnoticias.com.mx\/Portal\/wp-json\/wp\/v2\/types\/post"}],"author":[{"embeddable":true,"href":"https:\/\/rnoticias.com.mx\/Portal\/wp-json\/wp\/v2\/users\/2"}],"replies":[{"embeddable":true,"href":"https:\/\/rnoticias.com.mx\/Portal\/wp-json\/wp\/v2\/comments?post=222946"}],"version-history":[{"count":1,"href":"https:\/\/rnoticias.com.mx\/Portal\/wp-json\/wp\/v2\/posts\/222946\/revisions"}],"predecessor-version":[{"id":222948,"href":"https:\/\/rnoticias.com.mx\/Portal\/wp-json\/wp\/v2\/posts\/222946\/revisions\/222948"}],"wp:featuredmedia":[{"embeddable":true,"href":"https:\/\/rnoticias.com.mx\/Portal\/wp-json\/wp\/v2\/media\/222947"}],"wp:attachment":[{"href":"https:\/\/rnoticias.com.mx\/Portal\/wp-json\/wp\/v2\/media?parent=222946"}],"wp:term":[{"taxonomy":"category","embeddable":true,"href":"https:\/\/rnoticias.com.mx\/Portal\/wp-json\/wp\/v2\/categories?post=222946"},{"taxonomy":"post_tag","embeddable":true,"href":"https:\/\/rnoticias.com.mx\/Portal\/wp-json\/wp\/v2\/tags?post=222946"}],"curies":[{"name":"wp","href":"https:\/\/api.w.org\/{rel}","templated":true}]}}