{"id":222936,"date":"2025-06-27T17:17:54","date_gmt":"2025-06-28T00:17:54","guid":{"rendered":"https:\/\/rnoticias.com.mx\/Portal\/?p=222936"},"modified":"2025-06-27T17:17:54","modified_gmt":"2025-06-28T00:17:54","slug":"abrira-canaco-nueva-oficina-en-el-rio-sonora-y-sierra","status":"publish","type":"post","link":"https:\/\/rnoticias.com.mx\/Portal\/2025\/06\/27\/abrira-canaco-nueva-oficina-en-el-rio-sonora-y-sierra\/","title":{"rendered":"Abrir\u00e1 Canaco nueva oficina en el R\u00edo Sonora y Sierra"},"content":{"rendered":"<div data-olk-copy-source=\"MessageBody\">La C\u00e1mara Nacional de Comercio (Canaco) en Hermosillo anunci\u00f3 la apertura de una nueva oficina en la regi\u00f3n del R\u00edo Sonora y la Sierra, con el objetivo de fortalecer la atenci\u00f3n a los comerciantes locales y acercar los servicios que ofrece el organismo empresarial.<\/div>\n<div aria-hidden=\"true\"><\/div>\n<div>Javier Moreno Dur\u00e1n, presidente de Canaco Hermosillo, inform\u00f3 que esta iniciativa busca apoyar a los negocios ya establecidos en la zona, brind\u00e1ndoles acceso a m\u00faltiples beneficios, desde asesor\u00eda jur\u00eddica y contable hasta programas de capacitaci\u00f3n y vinculaci\u00f3n.<\/div>\n<div aria-hidden=\"true\"><\/div>\n<div><i>\u201cEl motivo de esta reuni\u00f3n es para informarles de la integraci\u00f3n y apertura de la delegaci\u00f3n Canaco-R\u00edo Sierra,\u00a0R\u00edo Sonora-Sierra, con el puesto de detonar la zona econ\u00f3mica de esa regi\u00f3n y apoyar el comercio organizado\u201d, dijo.<\/i><\/div>\n<div aria-hidden=\"true\"><\/div>\n<div>Indic\u00f3 que la nueva oficina contar\u00e1 con un equipo encabezado por Juan Pedro Villegas, quien ser\u00e1 el encargado de coordinar los esfuerzos en esa regi\u00f3n y facilitar el proceso de afiliaci\u00f3n.<\/div>\n","protected":false},"excerpt":{"rendered":"<p>La C\u00e1mara Nacional de Comercio (Canaco) en Hermosillo anunci\u00f3 la apertura de una nueva oficina en la regi\u00f3n del R\u00edo Sonora y la Sierra, con el objetivo de fortalecer la atenci\u00f3n a los comerciantes locales y acercar los servicios que ofrece el organismo empresarial. Javier Moreno Dur\u00e1n, presidente de Canaco Hermosillo, inform\u00f3 que esta iniciativa [&hellip;]<\/p>\n","protected":false},"author":2,"featured_media":222937,"comment_status":"closed","ping_status":"closed","sticky":false,"template":"","format":"standard","meta":{"footnotes":""},"categories":[12870,178],"tags":[12865,12869],"class_list":["post-222936","post","type-post","status-publish","format-standard","has-post-thumbnail","hentry","category-destacadas","category-local","tag-destacadas","tag-local"],"jetpack_featured_media_url":"https:\/\/rnoticias.com.mx\/Portal\/wp-content\/uploads\/2025\/06\/WhatsApp-Image-2025-06-27-at-11.23.44-AM.jpeg","amp_enabled":true,"_links":{"self":[{"href":"https:\/\/rnoticias.com.mx\/Portal\/wp-json\/wp\/v2\/posts\/222936","targetHints":{"allow":["GET"]}}],"collection":[{"href":"https:\/\/rnoticias.com.mx\/Portal\/wp-json\/wp\/v2\/posts"}],"about":[{"href":"https:\/\/rnoticias.com.mx\/Portal\/wp-json\/wp\/v2\/types\/post"}],"author":[{"embeddable":true,"href":"https:\/\/rnoticias.com.mx\/Portal\/wp-json\/wp\/v2\/users\/2"}],"replies":[{"embeddable":true,"href":"https:\/\/rnoticias.com.mx\/Portal\/wp-json\/wp\/v2\/comments?post=222936"}],"version-history":[{"count":1,"href":"https:\/\/rnoticias.com.mx\/Portal\/wp-json\/wp\/v2\/posts\/222936\/revisions"}],"predecessor-version":[{"id":222938,"href":"https:\/\/rnoticias.com.mx\/Portal\/wp-json\/wp\/v2\/posts\/222936\/revisions\/222938"}],"wp:featuredmedia":[{"embeddable":true,"href":"https:\/\/rnoticias.com.mx\/Portal\/wp-json\/wp\/v2\/media\/222937"}],"wp:attachment":[{"href":"https:\/\/rnoticias.com.mx\/Portal\/wp-json\/wp\/v2\/media?parent=222936"}],"wp:term":[{"taxonomy":"category","embeddable":true,"href":"https:\/\/rnoticias.com.mx\/Portal\/wp-json\/wp\/v2\/categories?post=222936"},{"taxonomy":"post_tag","embeddable":true,"href":"https:\/\/rnoticias.com.mx\/Portal\/wp-json\/wp\/v2\/tags?post=222936"}],"curies":[{"name":"wp","href":"https:\/\/api.w.org\/{rel}","templated":true}]}}