{"id":222930,"date":"2025-06-27T17:15:49","date_gmt":"2025-06-28T00:15:49","guid":{"rendered":"https:\/\/rnoticias.com.mx\/Portal\/?p=222930"},"modified":"2025-06-27T17:15:49","modified_gmt":"2025-06-28T00:15:49","slug":"las-mujeres-vienen-a-sumar-y-multiplicar-en-cada-rincon-de-sonora-natalia-rivera","status":"publish","type":"post","link":"https:\/\/rnoticias.com.mx\/Portal\/2025\/06\/27\/las-mujeres-vienen-a-sumar-y-multiplicar-en-cada-rincon-de-sonora-natalia-rivera\/","title":{"rendered":"LAS MUJERES VIENEN A SUMAR Y MULTIPLICAR EN CADA RINC\u00d3N DE SONORA: NATALIA RIVERA"},"content":{"rendered":"<p>Guaymas, Sonora a 27 de junio de 2025.- En Movimiento Ciudadano trabajamos de manera horizontal porque estamos seguros que los juegos se ganan en equipo, sumando a todas y todos y las mujeres ponen ese toque extra de sensibilidad y compromiso por sus comunidades, expres\u00f3 Natalia Rivera Grijalva.<\/p>\n<p>La Coordinadora Estatal de Movimiento Ciudadano Sonora particip\u00f3 en el curso \u201cLiderazgo y Derechos de las Mujeres\u201d, en el cual se resaltaron los avances y la importancia de la participaci\u00f3n de las mujeres en los espacios de toma de decisiones y el continuar abriendo brecha en el quehacer pol\u00edtico, impulsado por Mujeres en Movimiento que encabeza Lucero Mart\u00ednez en el estado.<\/p>\n<p>\u201cLas mujeres como agentes de cambio venimos a sumar al trabajo colectivo en los espacios de cada sector, para consolidar en equipo la ALTERNATIVA; m\u00e1s que ser una simple oposici\u00f3n que solo se\u00f1ala lo que est\u00e1 mal\u2026 vamos a ir m\u00e1s all\u00e1\u2026 ser la ALTERNATIVA que con liderazgo sabe c\u00f3mo se deben solucionar los problemas, eso es Movimiento Ciudadano\u201d, dijo.<\/p>\n<p>Natalia Rivera expres\u00f3 que este tipo de espacios de participaci\u00f3n y expresi\u00f3n permiten identificar liderazgos que suman y aportan a este proyecto para el 2027, que contar\u00e1 con el 50 por ciento de candidaturas de mujeres para los municipios del estado.<\/p>\n<p>\u201cPensamos en Sonora\u2026 pensamos en Guaymas\u2026 en el norte y en el sur\u2026 en la Sierra\u2026 en las y los ciudadanos que tengan alternativas de soluci\u00f3n\u2026 en c\u00f3mo tener paz sostenible\u2026mejorar los servicios de salud\u2026 recuperar el sistema educativo\u2026 para tener un fututo posible; los varones de Movimiento Ciudadano ser\u00e1n los principales impulsores de los derechos de las mujeres\u201d, asegur\u00f3 la Coordinadora Estatal de MC.<\/p>\n<p>Por su parte, la delegada estatal de Mujeres en Movimiento en Sonora, Lucero Mart\u00ednez se comprometi\u00f3 a seguir impulsando estos espacios para la suma y el impulso de cuadros que lleven la representaci\u00f3n \u00a0de este sector en los 72 Municipios de Sonora, \u201cvamos por mujeres en Movimiento en todos los rincones \u00a0del Estado\u201d.<\/p>\n<p>Como parte de los trabajos del curso, Natalia Rivera tom\u00f3 protesta a Jetzabel Pe\u00f1a, como coordinadora municipal de Mujeres en Movimiento, quien viene a sumar el trabajo que realiza en favor de su comunidad \u201cCreo firmemente en la participaci\u00f3n de m\u00e1s mujeres en la vida p\u00fablica siempre con convicci\u00f3n, empat\u00eda, \u00e9tica, compromiso y respeto. Lo haremos con mucha responsabilidad y congruencia; una suma que aporte y transforme nuestro retorno\u201d.<\/p>\n<p>En el desarrollo de este curso, se cont\u00f3 con la activa participaci\u00f3n de Jos\u00e9 Luis Gonz\u00e1lez, integrante de la Comisi\u00f3n Operativa Estatal de MC; \u00a0Luis Mario Herrera, integrante destacado de MC; la regidora Rossy Barrera \u00a0Garc\u00eda; los regidores naranja Manuel Aguilar por Guaymas; Adilene Quijada por San Javier y tambi\u00e9n delegada regional de Mujeres en Movimiento; \u00a0del municipio de San Miguel de Horcasitas el regidor Marlon F\u00e9lix y Vannesa Guti\u00e9rrez; Karina Balsi, del municipio de Cajeme e Ivanna Osuna del municipio de Suaqui Grande.<\/p>\n","protected":false},"excerpt":{"rendered":"<p>Guaymas, Sonora a 27 de junio de 2025.- En Movimiento Ciudadano trabajamos de manera horizontal porque estamos seguros que los juegos se ganan en equipo, sumando a todas y todos y las mujeres ponen ese toque extra de sensibilidad y compromiso por sus comunidades, expres\u00f3 Natalia Rivera Grijalva. La Coordinadora Estatal de Movimiento Ciudadano Sonora [&hellip;]<\/p>\n","protected":false},"author":2,"featured_media":222931,"comment_status":"closed","ping_status":"closed","sticky":false,"template":"","format":"standard","meta":{"footnotes":""},"categories":[12870,12868],"tags":[12865,12879],"class_list":["post-222930","post","type-post","status-publish","format-standard","has-post-thumbnail","hentry","category-destacadas","category-politica","tag-destacadas","tag-politica"],"jetpack_featured_media_url":"https:\/\/rnoticias.com.mx\/Portal\/wp-content\/uploads\/2025\/06\/27062501-scaled.jpeg","amp_enabled":true,"_links":{"self":[{"href":"https:\/\/rnoticias.com.mx\/Portal\/wp-json\/wp\/v2\/posts\/222930","targetHints":{"allow":["GET"]}}],"collection":[{"href":"https:\/\/rnoticias.com.mx\/Portal\/wp-json\/wp\/v2\/posts"}],"about":[{"href":"https:\/\/rnoticias.com.mx\/Portal\/wp-json\/wp\/v2\/types\/post"}],"author":[{"embeddable":true,"href":"https:\/\/rnoticias.com.mx\/Portal\/wp-json\/wp\/v2\/users\/2"}],"replies":[{"embeddable":true,"href":"https:\/\/rnoticias.com.mx\/Portal\/wp-json\/wp\/v2\/comments?post=222930"}],"version-history":[{"count":1,"href":"https:\/\/rnoticias.com.mx\/Portal\/wp-json\/wp\/v2\/posts\/222930\/revisions"}],"predecessor-version":[{"id":222932,"href":"https:\/\/rnoticias.com.mx\/Portal\/wp-json\/wp\/v2\/posts\/222930\/revisions\/222932"}],"wp:featuredmedia":[{"embeddable":true,"href":"https:\/\/rnoticias.com.mx\/Portal\/wp-json\/wp\/v2\/media\/222931"}],"wp:attachment":[{"href":"https:\/\/rnoticias.com.mx\/Portal\/wp-json\/wp\/v2\/media?parent=222930"}],"wp:term":[{"taxonomy":"category","embeddable":true,"href":"https:\/\/rnoticias.com.mx\/Portal\/wp-json\/wp\/v2\/categories?post=222930"},{"taxonomy":"post_tag","embeddable":true,"href":"https:\/\/rnoticias.com.mx\/Portal\/wp-json\/wp\/v2\/tags?post=222930"}],"curies":[{"name":"wp","href":"https:\/\/api.w.org\/{rel}","templated":true}]}}