{"id":222918,"date":"2025-06-27T16:44:02","date_gmt":"2025-06-27T23:44:02","guid":{"rendered":"https:\/\/rnoticias.com.mx\/Portal\/?p=222918"},"modified":"2025-06-27T16:44:02","modified_gmt":"2025-06-27T23:44:02","slug":"subiran-mas-las-temperaturas-este-fin-de-semana-en-sonora-conagua","status":"publish","type":"post","link":"https:\/\/rnoticias.com.mx\/Portal\/2025\/06\/27\/subiran-mas-las-temperaturas-este-fin-de-semana-en-sonora-conagua\/","title":{"rendered":"Subir\u00e1n m\u00e1s las temperaturas este fin de semana en Sonora: Conagua"},"content":{"rendered":"<div data-olk-copy-source=\"MessageBody\">Para este fin de semana se prev\u00e9 un aumento en las temperaturas en gran parte del estado, especialmente en las regiones centro, sur y noroeste, donde podr\u00edan superarse los 45 grados, inform\u00f3 Gilberto Lagarda V\u00e1zquez.<\/div>\n<div data-olk-copy-source=\"MessageBody\"><\/div>\n<div>El especialista t\u00e9cnico de la Comisi\u00f3n Nacional del Agua (Conagua) explic\u00f3 que, aunque este viernes a\u00fan se presentar\u00e1n lluvias ligeras a moderadas en el oriente, sur y centro del estado, debido a la influencia del monz\u00f3n mexicano, una circulaci\u00f3n anticicl\u00f3nica comenzar\u00e1 a posicionarse en la regi\u00f3n, lo que provocar\u00e1 un ambiente m\u00e1s caluroso y una disminuci\u00f3n en las precipitaciones.<\/div>\n<div><\/div>\n<div><i>\u201cAdem\u00e1s, se espera que se posicione una circulaci\u00f3n anticicl\u00f3nica, la cual ya comienza a afectar con un aumento de temperatura, el cual se ver\u00e1 m\u00e1s fuerte para s\u00e1bado y domingo, generando temperaturas por encima de los 45 grados para las zonas centro, sur y noroeste del estado, sobre todo en s\u00e1bado y domingo\u201d, afirm\u00f3.<\/i><\/div>\n<div><\/div>\n<div>Agreg\u00f3 que ser\u00e1 hasta el pr\u00f3ximo martes cuando se espera el retiro de esta circulaci\u00f3n anticicl\u00f3nica, lo que permitir\u00eda el regreso de lluvias m\u00e1s abundantes y generalizadas en la entidad, as\u00ed como un leve descenso en las temperaturas.<\/div>\n","protected":false},"excerpt":{"rendered":"<p>Para este fin de semana se prev\u00e9 un aumento en las temperaturas en gran parte del estado, especialmente en las regiones centro, sur y noroeste, donde podr\u00edan superarse los 45 grados, inform\u00f3 Gilberto Lagarda V\u00e1zquez. El especialista t\u00e9cnico de la Comisi\u00f3n Nacional del Agua (Conagua) explic\u00f3 que, aunque este viernes a\u00fan se presentar\u00e1n lluvias ligeras [&hellip;]<\/p>\n","protected":false},"author":2,"featured_media":222919,"comment_status":"closed","ping_status":"closed","sticky":false,"template":"","format":"standard","meta":{"footnotes":""},"categories":[12870,174],"tags":[12865,12873],"class_list":["post-222918","post","type-post","status-publish","format-standard","has-post-thumbnail","hentry","category-destacadas","category-estatal","tag-destacadas","tag-estatal"],"jetpack_featured_media_url":"https:\/\/rnoticias.com.mx\/Portal\/wp-content\/uploads\/2025\/06\/calor.webp","amp_enabled":true,"_links":{"self":[{"href":"https:\/\/rnoticias.com.mx\/Portal\/wp-json\/wp\/v2\/posts\/222918","targetHints":{"allow":["GET"]}}],"collection":[{"href":"https:\/\/rnoticias.com.mx\/Portal\/wp-json\/wp\/v2\/posts"}],"about":[{"href":"https:\/\/rnoticias.com.mx\/Portal\/wp-json\/wp\/v2\/types\/post"}],"author":[{"embeddable":true,"href":"https:\/\/rnoticias.com.mx\/Portal\/wp-json\/wp\/v2\/users\/2"}],"replies":[{"embeddable":true,"href":"https:\/\/rnoticias.com.mx\/Portal\/wp-json\/wp\/v2\/comments?post=222918"}],"version-history":[{"count":1,"href":"https:\/\/rnoticias.com.mx\/Portal\/wp-json\/wp\/v2\/posts\/222918\/revisions"}],"predecessor-version":[{"id":222920,"href":"https:\/\/rnoticias.com.mx\/Portal\/wp-json\/wp\/v2\/posts\/222918\/revisions\/222920"}],"wp:featuredmedia":[{"embeddable":true,"href":"https:\/\/rnoticias.com.mx\/Portal\/wp-json\/wp\/v2\/media\/222919"}],"wp:attachment":[{"href":"https:\/\/rnoticias.com.mx\/Portal\/wp-json\/wp\/v2\/media?parent=222918"}],"wp:term":[{"taxonomy":"category","embeddable":true,"href":"https:\/\/rnoticias.com.mx\/Portal\/wp-json\/wp\/v2\/categories?post=222918"},{"taxonomy":"post_tag","embeddable":true,"href":"https:\/\/rnoticias.com.mx\/Portal\/wp-json\/wp\/v2\/tags?post=222918"}],"curies":[{"name":"wp","href":"https:\/\/api.w.org\/{rel}","templated":true}]}}