{"id":222897,"date":"2025-06-27T16:10:53","date_gmt":"2025-06-27T23:10:53","guid":{"rendered":"https:\/\/rnoticias.com.mx\/Portal\/?p=222897"},"modified":"2025-06-27T16:10:53","modified_gmt":"2025-06-27T23:10:53","slug":"participa-gobierno-de-hermosillo-en-inauguracion-de-la-xvii-edicion-del-festival-de-la-cerveza","status":"publish","type":"post","link":"https:\/\/rnoticias.com.mx\/Portal\/2025\/06\/27\/participa-gobierno-de-hermosillo-en-inauguracion-de-la-xvii-edicion-del-festival-de-la-cerveza\/","title":{"rendered":"Participa Gobierno de Hermosillo en inauguraci\u00f3n de la XVII edici\u00f3n del Festival de la Cerveza"},"content":{"rendered":"<p>Hermosillo, Sonora; 27 de junio de 2025.- Al destacar la importancia de este evento tradicional, posicionado en el noroeste del pa\u00eds, el director de la Agencia Municipal de Desarrollo Econ\u00f3mico, \u00d3scar Gast\u00e9lum Donnadieu, particip\u00f3 en la inauguraci\u00f3n de la decimos\u00e9ptima edici\u00f3n del Festival de la Cerveza.<\/p>\n<p>En representaci\u00f3n del presidente municipal, Antonio Astiazar\u00e1n Guti\u00e9rrez, Gast\u00e9lum Donnadieu asisti\u00f3 al evento organizado por la C\u00e1mara Nacional de la Industria de Restaurantes y Alimentos Condimentados (CANIRAC) Hermosillo, que promueve marcas de cerveza locales y la diversa gastronom\u00eda sonorense.<\/p>\n<p>\u201cGracias a nuestro presidente municipal To\u00f1o Astiazar\u00e1n, que hemos venido impulsando una econom\u00eda que valora lo nuestro, y este festival con 17 a\u00f1os de historia es una prueba de ello, con 40 expositores, cientos de visitantes y una ciudad que cree en su talento, por eso les propongo seguir fortaleciendo este tipo de espacios\u201d, coment\u00f3.<\/p>\n<p>Junto al presidente de CANIRAC, Julio C\u00e9sar Arvayo Morales, y al secretario del Ayuntamiento de Hermosillo, Eduardo Acu\u00f1a Padilla, recorrieron cada uno de los stands que instalaron las empresas expositoras de alimentos y bebidas.<\/p>\n","protected":false},"excerpt":{"rendered":"<p>Hermosillo, Sonora; 27 de junio de 2025.- Al destacar la importancia de este evento tradicional, posicionado en el noroeste del pa\u00eds, el director de la Agencia Municipal de Desarrollo Econ\u00f3mico, \u00d3scar Gast\u00e9lum Donnadieu, particip\u00f3 en la inauguraci\u00f3n de la decimos\u00e9ptima edici\u00f3n del Festival de la Cerveza. En representaci\u00f3n del presidente municipal, Antonio Astiazar\u00e1n Guti\u00e9rrez, Gast\u00e9lum [&hellip;]<\/p>\n","protected":false},"author":2,"featured_media":222898,"comment_status":"closed","ping_status":"closed","sticky":false,"template":"","format":"standard","meta":{"footnotes":""},"categories":[12870,178],"tags":[12865,12869],"class_list":["post-222897","post","type-post","status-publish","format-standard","has-post-thumbnail","hentry","category-destacadas","category-local","tag-destacadas","tag-local"],"jetpack_featured_media_url":"https:\/\/rnoticias.com.mx\/Portal\/wp-content\/uploads\/2025\/06\/a208dd4c-e05c-4e35-ae8a-83224e895aaa-scaled.jpg","amp_enabled":true,"_links":{"self":[{"href":"https:\/\/rnoticias.com.mx\/Portal\/wp-json\/wp\/v2\/posts\/222897","targetHints":{"allow":["GET"]}}],"collection":[{"href":"https:\/\/rnoticias.com.mx\/Portal\/wp-json\/wp\/v2\/posts"}],"about":[{"href":"https:\/\/rnoticias.com.mx\/Portal\/wp-json\/wp\/v2\/types\/post"}],"author":[{"embeddable":true,"href":"https:\/\/rnoticias.com.mx\/Portal\/wp-json\/wp\/v2\/users\/2"}],"replies":[{"embeddable":true,"href":"https:\/\/rnoticias.com.mx\/Portal\/wp-json\/wp\/v2\/comments?post=222897"}],"version-history":[{"count":1,"href":"https:\/\/rnoticias.com.mx\/Portal\/wp-json\/wp\/v2\/posts\/222897\/revisions"}],"predecessor-version":[{"id":222899,"href":"https:\/\/rnoticias.com.mx\/Portal\/wp-json\/wp\/v2\/posts\/222897\/revisions\/222899"}],"wp:featuredmedia":[{"embeddable":true,"href":"https:\/\/rnoticias.com.mx\/Portal\/wp-json\/wp\/v2\/media\/222898"}],"wp:attachment":[{"href":"https:\/\/rnoticias.com.mx\/Portal\/wp-json\/wp\/v2\/media?parent=222897"}],"wp:term":[{"taxonomy":"category","embeddable":true,"href":"https:\/\/rnoticias.com.mx\/Portal\/wp-json\/wp\/v2\/categories?post=222897"},{"taxonomy":"post_tag","embeddable":true,"href":"https:\/\/rnoticias.com.mx\/Portal\/wp-json\/wp\/v2\/tags?post=222897"}],"curies":[{"name":"wp","href":"https:\/\/api.w.org\/{rel}","templated":true}]}}