{"id":222894,"date":"2025-06-27T16:08:27","date_gmt":"2025-06-27T23:08:27","guid":{"rendered":"https:\/\/rnoticias.com.mx\/Portal\/?p=222894"},"modified":"2025-06-27T16:08:27","modified_gmt":"2025-06-27T23:08:27","slug":"se-accidentan-5-voladores-de-papantla-en-veracruz-se-rompe-el-mastil","status":"publish","type":"post","link":"https:\/\/rnoticias.com.mx\/Portal\/2025\/06\/27\/se-accidentan-5-voladores-de-papantla-en-veracruz-se-rompe-el-mastil\/","title":{"rendered":"Se accidentan 5 voladores de Papantla en Veracruz; se rompe el m\u00e1stil"},"content":{"rendered":"<p>Cinco ind\u00edgenas totonacas, quienes realizaban el ritual de los\u00a0<strong>Voladores de Papantla, resultaron lesionados al romperse el palo de la ceremonia que efectuaban en una comunidad del norte de Veracruz.<\/strong><\/p>\n<p>El accidente ocurri\u00f3 en la comunidad de El \u00c1guila del municipio de Tihuatl\u00e1n, donde los Voladores de Papantla realizaban el ritual como parte de los festejos patronales.<\/p>\n<p>Cuando estaban descendiendo en la danza, el palo del ritual no resisti\u00f3 y se rompi\u00f3, por lo que los cinco ind\u00edgenas cayeron al piso, gener\u00e1ndoles lesiones graves; fueron trasladados a hospitales del municipio de Poza Rica.<\/p>\n<p><strong>El momento del accidente fue video grabado por asistentes a la ceremonia y subido a redes sociales, donde caus\u00f3 conmoci\u00f3n.<\/strong><\/p>\n<p><strong>El ritual establece que los danzantes deben subir a lo alto del palo, descender y girar 13 veces cada uno de ellos, que multiplicado por los cuatro voladores da como resultado el 52, n\u00famero que simboliza el ciclo del Calendario Maya.<\/strong><\/p>\n<p>Es una ceremonia sagrada que forma parte del\u00a0<strong>\u201cRitual de los Voladores\u201d,\u00a0<\/strong>reconocido en 2009 por la Unesco como\u00a0<strong>\u201cPatrimonios Inmateriales de la Humanidad\u201d.<\/strong><\/p>\n<p>&nbsp;<\/p>\n<p>El Universal<\/p>\n","protected":false},"excerpt":{"rendered":"<p>Cinco ind\u00edgenas totonacas, quienes realizaban el ritual de los\u00a0Voladores de Papantla, resultaron lesionados al romperse el palo de la ceremonia que efectuaban en una comunidad del norte de Veracruz. El accidente ocurri\u00f3 en la comunidad de El \u00c1guila del municipio de Tihuatl\u00e1n, donde los Voladores de Papantla realizaban el ritual como parte de los festejos [&hellip;]<\/p>\n","protected":false},"author":2,"featured_media":222895,"comment_status":"closed","ping_status":"closed","sticky":false,"template":"","format":"standard","meta":{"footnotes":""},"categories":[12870,172],"tags":[12865,12874],"class_list":["post-222894","post","type-post","status-publish","format-standard","has-post-thumbnail","hentry","category-destacadas","category-nacional","tag-destacadas","tag-nacional"],"jetpack_featured_media_url":"https:\/\/rnoticias.com.mx\/Portal\/wp-content\/uploads\/2025\/06\/descarga-2.webp","amp_enabled":true,"_links":{"self":[{"href":"https:\/\/rnoticias.com.mx\/Portal\/wp-json\/wp\/v2\/posts\/222894","targetHints":{"allow":["GET"]}}],"collection":[{"href":"https:\/\/rnoticias.com.mx\/Portal\/wp-json\/wp\/v2\/posts"}],"about":[{"href":"https:\/\/rnoticias.com.mx\/Portal\/wp-json\/wp\/v2\/types\/post"}],"author":[{"embeddable":true,"href":"https:\/\/rnoticias.com.mx\/Portal\/wp-json\/wp\/v2\/users\/2"}],"replies":[{"embeddable":true,"href":"https:\/\/rnoticias.com.mx\/Portal\/wp-json\/wp\/v2\/comments?post=222894"}],"version-history":[{"count":1,"href":"https:\/\/rnoticias.com.mx\/Portal\/wp-json\/wp\/v2\/posts\/222894\/revisions"}],"predecessor-version":[{"id":222896,"href":"https:\/\/rnoticias.com.mx\/Portal\/wp-json\/wp\/v2\/posts\/222894\/revisions\/222896"}],"wp:featuredmedia":[{"embeddable":true,"href":"https:\/\/rnoticias.com.mx\/Portal\/wp-json\/wp\/v2\/media\/222895"}],"wp:attachment":[{"href":"https:\/\/rnoticias.com.mx\/Portal\/wp-json\/wp\/v2\/media?parent=222894"}],"wp:term":[{"taxonomy":"category","embeddable":true,"href":"https:\/\/rnoticias.com.mx\/Portal\/wp-json\/wp\/v2\/categories?post=222894"},{"taxonomy":"post_tag","embeddable":true,"href":"https:\/\/rnoticias.com.mx\/Portal\/wp-json\/wp\/v2\/tags?post=222894"}],"curies":[{"name":"wp","href":"https:\/\/api.w.org\/{rel}","templated":true}]}}