{"id":222856,"date":"2025-06-27T08:35:53","date_gmt":"2025-06-27T15:35:53","guid":{"rendered":"https:\/\/rnoticias.com.mx\/Portal\/?p=222856"},"modified":"2025-06-27T08:35:53","modified_gmt":"2025-06-27T15:35:53","slug":"declara-ine-validez-de-la-eleccion-de-magistradas-y-magistrados-de-circuito-y-de-personas-juzgadoras-de-distrito","status":"publish","type":"post","link":"https:\/\/rnoticias.com.mx\/Portal\/2025\/06\/27\/declara-ine-validez-de-la-eleccion-de-magistradas-y-magistrados-de-circuito-y-de-personas-juzgadoras-de-distrito\/","title":{"rendered":"Declara INE validez de la elecci\u00f3n de Magistradas y Magistrados de Circuito y de personas juzgadoras de Distrito"},"content":{"rendered":"<p class=\"x_MsoNormal\"><span data-olk-copy-source=\"MessageBody\">El Consejo General del Instituto Nacional Electoral (INE) declar\u00f3 la validez, emiti\u00f3 la sumatoria nacional de las elecciones y realiz\u00f3 la asignaci\u00f3n a las personas que obtuvieron el mayor n\u00famero de votos, en forma paritaria y que ocupar\u00e1n los cargos de Magistradas y Magistrados de Tribunales Colegiados de Circuito, as\u00ed como de personas juzgadoras de Distrito, en el marco del\u00a0<a name=\"x__Hlk201141857\"><\/a>Proceso Electoral Extraordinario para la elecci\u00f3n de diversos cargos del Poder Judicial de la Federaci\u00f3n (PEEPJF) 2024-2025.<\/span><\/p>\n<p class=\"x_MsoNormal\">\n<p class=\"x_MsoNormal\">Con lo anterior, el Instituto ha declarado la validez de los comicios de cada una de las seis elecciones del Proceso Electoral Extraordinario y proceder\u00e1 a la entrega de las constancias correspondientes a magistraturas y personas juzgadoras de Distrito, a partir del jueves 3 de julio del a\u00f1o en curso.<\/p>\n<p class=\"x_MsoNormal\">\n<p class=\"x_MsoNormal\">Al reanudar la sesi\u00f3n extraordinaria del Consejo General, la Secretaria Ejecutiva del INE, Claudia Arlett Espino, explic\u00f3 que luego del receso declarado el 18 de junio, se llev\u00f3 a cabo un segundo operativo de verificaci\u00f3n de requisitos de elegibilidad de las candidaturas que obtuvieron el mayor n\u00famero de votos, con el apoyo de la Direcci\u00f3n Ejecutiva de Asuntos Jur\u00eddicos,\u00a0 la propia Secretar\u00eda Ejecutiva y la Unidad T\u00e9cnica de Servicios de Inform\u00e1tica (UTSI), que con una nueva propuesta metodol\u00f3gica, validaron sistem\u00e1ticamente los promedios de licenciatura y especialidad requeridos en la Constituci\u00f3n.<\/p>\n<p class=\"x_MsoNormal\">\n<p class=\"x_MsoNormal\">De este modo, precis\u00f3 que se verificaron un total de 847 expedientes de las candidaturas con mayor n\u00famero de votos: 462 de personas electas para Magistraturas de Circuito y 385 para juzgadoras de Distrito.<\/p>\n<p class=\"x_MsoNormal\">\n<p class=\"x_MsoNormal\">Derivado de esta revisi\u00f3n, en el caso de Magistraturas de Circuito, tres candidaturas no cumplieron con el requisito de promedio general de calificaci\u00f3n de cuando menos ocho puntos y en 21 casos, no cumplieron con el promedio de nueve puntos en las materias relacionadas con el cargo en la licenciatura, especialidad, maestr\u00eda o doctorado. Con esto, se asignaron 438 candidaturas que obtuvieron la votaci\u00f3n m\u00e1s alta y el resto, se declararon vacantes.<\/p>\n<p class=\"x_MsoNormal\">\n<p class=\"x_MsoNormal\">En cuanto a personas juzgadoras de Distrito, seis candidaturas no cumplieron con el requisito de promedio general de calificaci\u00f3n de cuando menos ocho puntos y 15 casos, no cumplieron con el promedio de nueve puntos en las materias relacionadas con el cargo en la licenciatura, especialidad, maestr\u00eda o doctorado.<\/p>\n<p class=\"x_MsoNormal\">\n<p class=\"x_MsoNormal\">Adem\u00e1s, en votaci\u00f3n particular, el pleno declar\u00f3 vacante el cargo correspondiente al Distrito 2, especialidad mixta, en el circuito 7 de Veracruz. Es decir, se asignaron 363 candidaturas con la m\u00e1s alta votaci\u00f3n y el resto quedaron vacantes. Con esto, quedaron vacantes un total de 46 cargos de estas dos elecciones.<\/p>\n<p class=\"x_MsoNormal\">\n<p class=\"x_MsoNormal\">El INE concluye la etapa de\u00a0<a name=\"x__Hlk201850609\"><\/a>sumatoria nacional, asignaci\u00f3n a las personas que obtuvieron el mayor n\u00famero de votos y declaraci\u00f3n de validez\u00a0de la elecci\u00f3n de los diversos cargos que se disputaron en el PEEPJF 2024-2025.<\/p>\n","protected":false},"excerpt":{"rendered":"<p>El Consejo General del Instituto Nacional Electoral (INE) declar\u00f3 la validez, emiti\u00f3 la sumatoria nacional de las elecciones y realiz\u00f3 la asignaci\u00f3n a las personas que obtuvieron el mayor n\u00famero de votos, en forma paritaria y que ocupar\u00e1n los cargos de Magistradas y Magistrados de Tribunales Colegiados de Circuito, as\u00ed como de personas juzgadoras de [&hellip;]<\/p>\n","protected":false},"author":2,"featured_media":222857,"comment_status":"closed","ping_status":"closed","sticky":false,"template":"","format":"standard","meta":{"footnotes":""},"categories":[12870,12868],"tags":[12865,12879],"class_list":["post-222856","post","type-post","status-publish","format-standard","has-post-thumbnail","hentry","category-destacadas","category-politica","tag-destacadas","tag-politica"],"jetpack_featured_media_url":"https:\/\/rnoticias.com.mx\/Portal\/wp-content\/uploads\/2025\/06\/Sesion-extraordianria-del-consejo-general-del-INE-26-de-junio-de-2025.jpeg","amp_enabled":true,"_links":{"self":[{"href":"https:\/\/rnoticias.com.mx\/Portal\/wp-json\/wp\/v2\/posts\/222856","targetHints":{"allow":["GET"]}}],"collection":[{"href":"https:\/\/rnoticias.com.mx\/Portal\/wp-json\/wp\/v2\/posts"}],"about":[{"href":"https:\/\/rnoticias.com.mx\/Portal\/wp-json\/wp\/v2\/types\/post"}],"author":[{"embeddable":true,"href":"https:\/\/rnoticias.com.mx\/Portal\/wp-json\/wp\/v2\/users\/2"}],"replies":[{"embeddable":true,"href":"https:\/\/rnoticias.com.mx\/Portal\/wp-json\/wp\/v2\/comments?post=222856"}],"version-history":[{"count":1,"href":"https:\/\/rnoticias.com.mx\/Portal\/wp-json\/wp\/v2\/posts\/222856\/revisions"}],"predecessor-version":[{"id":222858,"href":"https:\/\/rnoticias.com.mx\/Portal\/wp-json\/wp\/v2\/posts\/222856\/revisions\/222858"}],"wp:featuredmedia":[{"embeddable":true,"href":"https:\/\/rnoticias.com.mx\/Portal\/wp-json\/wp\/v2\/media\/222857"}],"wp:attachment":[{"href":"https:\/\/rnoticias.com.mx\/Portal\/wp-json\/wp\/v2\/media?parent=222856"}],"wp:term":[{"taxonomy":"category","embeddable":true,"href":"https:\/\/rnoticias.com.mx\/Portal\/wp-json\/wp\/v2\/categories?post=222856"},{"taxonomy":"post_tag","embeddable":true,"href":"https:\/\/rnoticias.com.mx\/Portal\/wp-json\/wp\/v2\/tags?post=222856"}],"curies":[{"name":"wp","href":"https:\/\/api.w.org\/{rel}","templated":true}]}}