{"id":222837,"date":"2025-06-26T20:19:11","date_gmt":"2025-06-27T03:19:11","guid":{"rendered":"https:\/\/rnoticias.com.mx\/Portal\/?p=222837"},"modified":"2025-06-26T20:19:11","modified_gmt":"2025-06-27T03:19:11","slug":"suma-movimiento-ciudadano-sonora-a-regidora-en-pitiquito-natalia-rivera","status":"publish","type":"post","link":"https:\/\/rnoticias.com.mx\/Portal\/2025\/06\/26\/suma-movimiento-ciudadano-sonora-a-regidora-en-pitiquito-natalia-rivera\/","title":{"rendered":"Suma Movimiento Ciudadano Sonora a Regidora en Pitiquito: Natalia Rivera"},"content":{"rendered":"<p><b>Pitiquito, Sonora a 26 de junio del 2025<\/b>.-Trabajamos por un movimiento que suma porque le apuesta a los equilibrios como una alternativa para la ciudadan\u00eda, expres\u00f3 Natalia Rivera al anunciar la adhesi\u00f3n de una Regidora m\u00e1s.<\/p>\n<p>En su primera gira de trabajo, la Coordinadora Estatal de Movimiento Sonora \u00a0en Sonora dio la bienvenida a la regidora Marisela Monroy Pinedo quien se suma a los trabajos que ha venido realizando el regidor naranja Aaron del Real Lopez.<\/p>\n<p>\u201cSomos la Fuerza Naranja que \u00a0siempre tendr\u00e1 una soluci\u00f3n para cada problema. Somos la Fuerza Naranja\u2026 la ALTERNATIVA, no una simple oposici\u00f3n.<br \/>\nPorque ser oposici\u00f3n es f\u00e1cil, porque se\u00f1alar todo lo que est\u00e1 mal es sencillo, pero ser alternativa es lo verdaderamente dif\u00edcil, pensar constantemente en las soluciones a los problemas cotidianos de las y los mexicanos es lo verdaderamente retador\u201d, indic\u00f3 Natalia Rivera.<\/p>\n<p>Acompa\u00f1ada de Alan Renter\u00eda Morales, regidor y coordinador estatal de Asuntos Municipales de MC Sonora, dijo que este movimiento cada vez gana m\u00e1s elecciones, cada vez m\u00e1s gente le brinda su conf\u00eda.<\/p>\n<p>\u201cCada vez m\u00e1s j\u00f3venes, m\u00e1s mujeres, m\u00e1s profesionistas, m\u00e1s trabajadoras y trabajadores independientes, m\u00e1s abuelitas y abuelitos, m\u00e1s deportistas, m\u00e1s artistas, m\u00e1s ambientalistas, m\u00e1s obreros y obreras, m\u00e1s comerciantes, encuentran que YA somos su principal alternativa\u201d.<\/p>\n<p>\u201cDe los gamers, los freelancers, los que hacen home office, los que se dedican a las ventas multinivel, los que conducen un uber, un didi, un zesty; De los que venden productos en la calle, en l\u00ednea\u201d, continu\u00f3.<\/p>\n<p>\u201cSomos la alternativa de los creadores de contenido, de podcasts, de tutoriales, de espacios informativos, de campa\u00f1as de vida saludable y salud mental; de los activistas de calle, digitales, que se movilizan, organizan peticiones, y mueven conciencias. Los que defienden los derechos de los animales, que ayudan a quienes tienen hambre o fr\u00edo o calor, que apoyan la b\u00fasqueda de nuestras y nuestros desaparecidos\u201d, refiri\u00f3 Natalia Rivera.<\/p>\n<p>\u201cDe los emprendedores, los startuperos, los makers, los inventores, los desarrolladores de software; de los campeones de e-sports, los que juegan tochito, los que juegan futbolito de sal\u00f3n, los veteranos del beis, del softball, del basket, del fut, de las retas de colonia\u201d.<\/p>\n<p>La ahora regidora naranja Marisela Monroy reconoci\u00f3 el trabajo cercano a la gente y encabezando las causas que realiza Movimientos Ciudadano, por lo que dijo, est\u00e1 lista para sumar y multiplicar los esfuerzos.<\/p>\n<p>En esta reuni\u00f3n de trabajo se sum\u00f3 Mar\u00eda de los \u00c1ngeles Le\u00f3n, \u00a0presidenta \u00a0del Voluntariado de MC Pitiquito y pr\u00f3xima \u00a0coordinadora municipal de Mujeres en Movimiento y Luis \u00c1ngel Chavoya Celaya, secretario \u00a0general del \u00a0Sindicato \u00danico de Trabajadores \u00a0al servicio del \u00a0Municipio de Pitiquito.<\/p>\n<p>Adem\u00e1s de Roberto Rodr\u00edguez, secretario de Asuntos Municipales y Patricia Azcagorta, integrante de la Comisi\u00f3n Operativa Estatal.<\/p>\n","protected":false},"excerpt":{"rendered":"<p>Pitiquito, Sonora a 26 de junio del 2025.-Trabajamos por un movimiento que suma porque le apuesta a los equilibrios como una alternativa para la ciudadan\u00eda, expres\u00f3 Natalia Rivera al anunciar la adhesi\u00f3n de una Regidora m\u00e1s. En su primera gira de trabajo, la Coordinadora Estatal de Movimiento Sonora \u00a0en Sonora dio la bienvenida a la [&hellip;]<\/p>\n","protected":false},"author":2,"featured_media":222838,"comment_status":"closed","ping_status":"closed","sticky":false,"template":"","format":"standard","meta":{"footnotes":""},"categories":[12870,12868],"tags":[12865,12879],"class_list":["post-222837","post","type-post","status-publish","format-standard","has-post-thumbnail","hentry","category-destacadas","category-politica","tag-destacadas","tag-politica"],"jetpack_featured_media_url":"https:\/\/rnoticias.com.mx\/Portal\/wp-content\/uploads\/2025\/06\/25062509.jpeg","amp_enabled":true,"_links":{"self":[{"href":"https:\/\/rnoticias.com.mx\/Portal\/wp-json\/wp\/v2\/posts\/222837","targetHints":{"allow":["GET"]}}],"collection":[{"href":"https:\/\/rnoticias.com.mx\/Portal\/wp-json\/wp\/v2\/posts"}],"about":[{"href":"https:\/\/rnoticias.com.mx\/Portal\/wp-json\/wp\/v2\/types\/post"}],"author":[{"embeddable":true,"href":"https:\/\/rnoticias.com.mx\/Portal\/wp-json\/wp\/v2\/users\/2"}],"replies":[{"embeddable":true,"href":"https:\/\/rnoticias.com.mx\/Portal\/wp-json\/wp\/v2\/comments?post=222837"}],"version-history":[{"count":1,"href":"https:\/\/rnoticias.com.mx\/Portal\/wp-json\/wp\/v2\/posts\/222837\/revisions"}],"predecessor-version":[{"id":222839,"href":"https:\/\/rnoticias.com.mx\/Portal\/wp-json\/wp\/v2\/posts\/222837\/revisions\/222839"}],"wp:featuredmedia":[{"embeddable":true,"href":"https:\/\/rnoticias.com.mx\/Portal\/wp-json\/wp\/v2\/media\/222838"}],"wp:attachment":[{"href":"https:\/\/rnoticias.com.mx\/Portal\/wp-json\/wp\/v2\/media?parent=222837"}],"wp:term":[{"taxonomy":"category","embeddable":true,"href":"https:\/\/rnoticias.com.mx\/Portal\/wp-json\/wp\/v2\/categories?post=222837"},{"taxonomy":"post_tag","embeddable":true,"href":"https:\/\/rnoticias.com.mx\/Portal\/wp-json\/wp\/v2\/tags?post=222837"}],"curies":[{"name":"wp","href":"https:\/\/api.w.org\/{rel}","templated":true}]}}