{"id":222833,"date":"2025-06-26T18:02:46","date_gmt":"2025-06-27T01:02:46","guid":{"rendered":"https:\/\/rnoticias.com.mx\/Portal\/?p=222833"},"modified":"2025-06-26T18:03:12","modified_gmt":"2025-06-27T01:03:12","slug":"gobernador-durazo-y-presidenta-sheinbaum-fortalecen-el-plan-sonora-con-polo-de-desarrollo-en-hermosillo","status":"publish","type":"post","link":"https:\/\/rnoticias.com.mx\/Portal\/2025\/06\/26\/gobernador-durazo-y-presidenta-sheinbaum-fortalecen-el-plan-sonora-con-polo-de-desarrollo-en-hermosillo\/","title":{"rendered":"Gobernador Durazo y Presidenta Sheinbaum fortalecen el Plan Sonora con Polo de Desarrollo en Hermosillo"},"content":{"rendered":"<table class=\"m_8466153305146761978text\" border=\"0\" width=\"100%\" cellspacing=\"0\" cellpadding=\"0\">\n<tbody>\n<tr>\n<td class=\"m_8466153305146761978text_content-cell m_8466153305146761978content-padding-horizontal\" align=\"left\" valign=\"top\">Hermosillo, Sonora; 26 de junio de 2025.- Con paso firme hacia la transformaci\u00f3n econ\u00f3mica del estado, producto del Plan Sonora, el gobernador Alfonso Durazo Monta\u00f1o anunci\u00f3, durante su participaci\u00f3n en la conferencia matutina, la incorporaci\u00f3n de Hermosillo al programa nacional de Polos de Desarrollo del Bienestar, iniciativa liderada por la presidenta Claudia Sheinbaum Pardo como parte del Plan M\u00e9xico.<\/p>\n<p>El mandatario estatal destac\u00f3 que este polo, estrat\u00e9gicamente ubicado en Hermosillo y vinculado al Plan Sonora de Energ\u00edas Sostenibles, representa una oportunidad hist\u00f3rica para posicionar a Sonora como un nuevo epicentro industrial del norte del pa\u00eds, consolidando su liderazgo en sectores clave como semiconductores, electromovilidad, automotriz, aeroespacial, farmac\u00e9utica, metalmec\u00e1nica y log\u00edstica.<\/p>\n<p>\u201cRecibimos con entusiasmo la decisi\u00f3n de incorporar a Hermosillo al programa de Polos de Desarrollo vinculado al Plan M\u00e9xico. Esta incorporaci\u00f3n nos permitir\u00e1 aprovechar \u00f3ptimamente el potencial del Plan Sonora y, desde Sonora, reiteramos a la presidenta nuestro total compromiso con esta iniciativa\u201d, expres\u00f3.<\/p>\n<p>Con m\u00e1s de 100 hect\u00e1reas disponibles y una conectividad privilegiada por carretera, ferrocarril y aeropuerto, este polo, dijo, atraer\u00e1 inversi\u00f3n nacional e internacional, generando empleos formales y nuevas oportunidades para j\u00f3venes t\u00e9cnicos y profesionistas, adem\u00e1s de fortalecer las cadenas de valor mediante la integraci\u00f3n de peque\u00f1as y medianas empresas.<\/p>\n<p>La presidenta Claudia Sheinbaum Pardo subray\u00f3 que el objetivo de los Polos de Desarrollo es crear centros industriales sustentables, basados en condiciones ambientales adecuadas, disponibilidad de recursos naturales, acceso a energ\u00eda limpia e infraestructura suficiente. En ese sentido, reconoci\u00f3 el liderazgo y compromiso del Gobierno de Sonora para sumarse decididamente a esta estrategia nacional.<\/p>\n<p>El gobernador Durazo asegur\u00f3 que su gobierno ha cumplido con todos los requisitos del proyecto: uso de suelo, propiedad p\u00fablica del terreno, viabilidad industrial y coordinaci\u00f3n institucional, reafirmando su compromiso con un desarrollo social que no solo busca atraer inversiones, sino transformar profundamente la calidad de vida de miles de familias sonorenses.<\/td>\n<\/tr>\n<\/tbody>\n<\/table>\n<table border=\"0\" width=\"100%\" cellspacing=\"0\" cellpadding=\"0\">\n<tbody>\n<tr>\n<td class=\"m_8466153305146761978content-padding-horizontal\" align=\"center\"><\/td>\n<\/tr>\n<\/tbody>\n<\/table>\n","protected":false},"excerpt":{"rendered":"<p>Hermosillo, Sonora; 26 de junio de 2025.- Con paso firme hacia la transformaci\u00f3n econ\u00f3mica del estado, producto del Plan Sonora, el gobernador Alfonso Durazo Monta\u00f1o anunci\u00f3, durante su participaci\u00f3n en la conferencia matutina, la incorporaci\u00f3n de Hermosillo al programa nacional de Polos de Desarrollo del Bienestar, iniciativa liderada por la presidenta Claudia Sheinbaum Pardo como [&hellip;]<\/p>\n","protected":false},"author":2,"featured_media":222836,"comment_status":"closed","ping_status":"closed","sticky":false,"template":"","format":"standard","meta":{"footnotes":""},"categories":[12870,178],"tags":[12865,12869],"class_list":["post-222833","post","type-post","status-publish","format-standard","has-post-thumbnail","hentry","category-destacadas","category-local","tag-destacadas","tag-local"],"jetpack_featured_media_url":"https:\/\/rnoticias.com.mx\/Portal\/wp-content\/uploads\/2025\/06\/unnamed-126.jpg","amp_enabled":true,"_links":{"self":[{"href":"https:\/\/rnoticias.com.mx\/Portal\/wp-json\/wp\/v2\/posts\/222833","targetHints":{"allow":["GET"]}}],"collection":[{"href":"https:\/\/rnoticias.com.mx\/Portal\/wp-json\/wp\/v2\/posts"}],"about":[{"href":"https:\/\/rnoticias.com.mx\/Portal\/wp-json\/wp\/v2\/types\/post"}],"author":[{"embeddable":true,"href":"https:\/\/rnoticias.com.mx\/Portal\/wp-json\/wp\/v2\/users\/2"}],"replies":[{"embeddable":true,"href":"https:\/\/rnoticias.com.mx\/Portal\/wp-json\/wp\/v2\/comments?post=222833"}],"version-history":[{"count":1,"href":"https:\/\/rnoticias.com.mx\/Portal\/wp-json\/wp\/v2\/posts\/222833\/revisions"}],"predecessor-version":[{"id":222835,"href":"https:\/\/rnoticias.com.mx\/Portal\/wp-json\/wp\/v2\/posts\/222833\/revisions\/222835"}],"wp:featuredmedia":[{"embeddable":true,"href":"https:\/\/rnoticias.com.mx\/Portal\/wp-json\/wp\/v2\/media\/222836"}],"wp:attachment":[{"href":"https:\/\/rnoticias.com.mx\/Portal\/wp-json\/wp\/v2\/media?parent=222833"}],"wp:term":[{"taxonomy":"category","embeddable":true,"href":"https:\/\/rnoticias.com.mx\/Portal\/wp-json\/wp\/v2\/categories?post=222833"},{"taxonomy":"post_tag","embeddable":true,"href":"https:\/\/rnoticias.com.mx\/Portal\/wp-json\/wp\/v2\/tags?post=222833"}],"curies":[{"name":"wp","href":"https:\/\/api.w.org\/{rel}","templated":true}]}}