{"id":222830,"date":"2025-06-26T18:01:16","date_gmt":"2025-06-27T01:01:16","guid":{"rendered":"https:\/\/rnoticias.com.mx\/Portal\/?p=222830"},"modified":"2025-06-26T18:01:16","modified_gmt":"2025-06-27T01:01:16","slug":"afrontan-ganaderos-del-norte-de-sonora-la-sequia-con-apoyos-y-organizacion","status":"publish","type":"post","link":"https:\/\/rnoticias.com.mx\/Portal\/2025\/06\/26\/afrontan-ganaderos-del-norte-de-sonora-la-sequia-con-apoyos-y-organizacion\/","title":{"rendered":"Afrontan ganaderos del norte de Sonora la sequ\u00eda con apoyos y organizaci\u00f3n"},"content":{"rendered":"<div data-olk-copy-source=\"MessageBody\">La sequ\u00eda contin\u00faa siendo uno de los retos m\u00e1s severos para los productores ganaderos del norte de Sonora, quienes han tenido que adaptarse a condiciones extremas a\u00f1o con a\u00f1o.<\/div>\n<div aria-hidden=\"true\"><\/div>\n<div>Jes\u00fas Garc\u00eda Hurtado, presidente de la Uni\u00f3n Ganadera Local de Nogales, se\u00f1al\u00f3 que esta problem\u00e1tica afecta a todos los ganaderos de la regi\u00f3n, aunque reconoci\u00f3 que, gracias al apoyo enviado desde Hermosillo por la Uni\u00f3n Ganadera Estatal, han logrado mantener cierta estabilidad.<\/div>\n<div aria-hidden=\"true\"><\/div>\n<div><\/div>\n<div><b>\u201cAhorita hemos estado balance\u00e1ndonos con el alimento que nos manda de apoyo de ah\u00ed de Hermosillo de la Uni\u00f3n Ganadera para la sequ\u00eda, ah\u00ed nos hemos programado, balanceando con eso que nos llega cada semana o quince d\u00edas y la verdad si nos ha servido mucho a la mayor\u00eda\u201d, dijo.<\/b><\/div>\n<div aria-hidden=\"true\"><\/div>\n<div>A\u00f1adi\u00f3, que ese alimento que est\u00e1n recibiendo estaba dirigido en un inicio a productores con hasta 30 vientres, pero recientemente se ampli\u00f3 a quienes tienen entre 50 y 70, beneficiando a un mayor n\u00famero de compa\u00f1eros en esa zona del norte de Sonora.<\/div>\n<div aria-hidden=\"true\"><\/div>\n<div>En cuanto al agua, indic\u00f3 que recientemente llovi\u00f3 en la regi\u00f3n, lo cual permiti\u00f3 recuperar algo en los abrevaderos y represos, aunque en algunos casos el l\u00edquido se escurre r\u00e1pidamente debido a la falta de infraestructura consolidada.<\/div>\n<div aria-hidden=\"true\"><\/div>\n<div><\/div>\n<div><b>\u201cEstamos estables por ahora, estamos bien, delicado ya no por la ag\u00fcita que nos cay\u00f3 nos favoreci\u00f3\u201d, finaliz\u00f3.<\/b><\/div>\n","protected":false},"excerpt":{"rendered":"<p>La sequ\u00eda contin\u00faa siendo uno de los retos m\u00e1s severos para los productores ganaderos del norte de Sonora, quienes han tenido que adaptarse a condiciones extremas a\u00f1o con a\u00f1o. Jes\u00fas Garc\u00eda Hurtado, presidente de la Uni\u00f3n Ganadera Local de Nogales, se\u00f1al\u00f3 que esta problem\u00e1tica afecta a todos los ganaderos de la regi\u00f3n, aunque reconoci\u00f3 que, [&hellip;]<\/p>\n","protected":false},"author":2,"featured_media":222831,"comment_status":"closed","ping_status":"closed","sticky":false,"template":"","format":"standard","meta":{"footnotes":""},"categories":[12870,174],"tags":[12865,12873],"class_list":["post-222830","post","type-post","status-publish","format-standard","has-post-thumbnail","hentry","category-destacadas","category-estatal","tag-destacadas","tag-estatal"],"jetpack_featured_media_url":"https:\/\/rnoticias.com.mx\/Portal\/wp-content\/uploads\/2025\/06\/ganaderia-en-sonora-es-de-alto-potencial-63217.jpg","amp_enabled":true,"_links":{"self":[{"href":"https:\/\/rnoticias.com.mx\/Portal\/wp-json\/wp\/v2\/posts\/222830","targetHints":{"allow":["GET"]}}],"collection":[{"href":"https:\/\/rnoticias.com.mx\/Portal\/wp-json\/wp\/v2\/posts"}],"about":[{"href":"https:\/\/rnoticias.com.mx\/Portal\/wp-json\/wp\/v2\/types\/post"}],"author":[{"embeddable":true,"href":"https:\/\/rnoticias.com.mx\/Portal\/wp-json\/wp\/v2\/users\/2"}],"replies":[{"embeddable":true,"href":"https:\/\/rnoticias.com.mx\/Portal\/wp-json\/wp\/v2\/comments?post=222830"}],"version-history":[{"count":1,"href":"https:\/\/rnoticias.com.mx\/Portal\/wp-json\/wp\/v2\/posts\/222830\/revisions"}],"predecessor-version":[{"id":222832,"href":"https:\/\/rnoticias.com.mx\/Portal\/wp-json\/wp\/v2\/posts\/222830\/revisions\/222832"}],"wp:featuredmedia":[{"embeddable":true,"href":"https:\/\/rnoticias.com.mx\/Portal\/wp-json\/wp\/v2\/media\/222831"}],"wp:attachment":[{"href":"https:\/\/rnoticias.com.mx\/Portal\/wp-json\/wp\/v2\/media?parent=222830"}],"wp:term":[{"taxonomy":"category","embeddable":true,"href":"https:\/\/rnoticias.com.mx\/Portal\/wp-json\/wp\/v2\/categories?post=222830"},{"taxonomy":"post_tag","embeddable":true,"href":"https:\/\/rnoticias.com.mx\/Portal\/wp-json\/wp\/v2\/tags?post=222830"}],"curies":[{"name":"wp","href":"https:\/\/api.w.org\/{rel}","templated":true}]}}