{"id":222827,"date":"2025-06-26T17:58:08","date_gmt":"2025-06-27T00:58:08","guid":{"rendered":"https:\/\/rnoticias.com.mx\/Portal\/?p=222827"},"modified":"2025-06-26T17:58:08","modified_gmt":"2025-06-27T00:58:08","slug":"impacto-de-los-aranceles-al-aluminio-y-acero-en-inversiones-y-economia-nacional-canacintra-hmo","status":"publish","type":"post","link":"https:\/\/rnoticias.com.mx\/Portal\/2025\/06\/26\/impacto-de-los-aranceles-al-aluminio-y-acero-en-inversiones-y-economia-nacional-canacintra-hmo\/","title":{"rendered":"Impacto de los aranceles al aluminio y acero en inversiones y econom\u00eda nacional: Canacintra HMO"},"content":{"rendered":"<div class=\"x_elementToProof\" data-olk-copy-source=\"MessageBody\">La imposici\u00f3n de aranceles al aluminio y acero, principalmente por parte de Estados Unidos, ha generado afectaciones importantes para las empresas y la econom\u00eda nacional.<\/div>\n<div class=\"x_elementToProof\" aria-hidden=\"true\"><\/div>\n<div class=\"x_elementToProof\">Juan Alvaro Corral Aguirre, presidente de la C\u00e1mara Nacional de la Industria de la Transformaci\u00f3n (Canacintra) en Hermosillo, se\u00f1al\u00f3 que estas medidas han provocado la pausa en inversiones nuevas, afectando el crecimiento org\u00e1nico que se ven\u00eda registrando en los \u00faltimos a\u00f1os.<\/div>\n<div class=\"x_elementToProof\" aria-hidden=\"true\"><\/div>\n<div class=\"x_elementToProof\"><\/div>\n<div class=\"x_elementToProof\"><b>\u201cLa sede nacional es quien ha tenido las reuniones con la econom\u00eda federal\u00a0para ver las medidas que se pueden hacer para mitigar los impactos que esto ha llevado\u201d, dijo.<\/b><\/div>\n<div class=\"x_elementToProof\" aria-hidden=\"true\"><\/div>\n<div class=\"x_elementToProof\">Agreg\u00f3, desconocer porcentajes de p\u00e9rdidas que se hayan generado por esos aranceles y recalc\u00f3 que el gobierno federal es quien tendr\u00eda los datos suficientes para cuantificar esos impactos.<\/div>\n<div class=\"x_elementToProof\" aria-hidden=\"true\"><\/div>\n<div class=\"x_elementToProof\">Por \u00faltimo, el presidente de Canacintra Hermosillo, mencion\u00f3 que entre los principales efectos de los aranceles est\u00e1 el freno en el crecimiento de las empresas instaladas en el pa\u00eds y un aumento en la inflaci\u00f3n a mediano plazo.<\/div>\n","protected":false},"excerpt":{"rendered":"<p>La imposici\u00f3n de aranceles al aluminio y acero, principalmente por parte de Estados Unidos, ha generado afectaciones importantes para las empresas y la econom\u00eda nacional. Juan Alvaro Corral Aguirre, presidente de la C\u00e1mara Nacional de la Industria de la Transformaci\u00f3n (Canacintra) en Hermosillo, se\u00f1al\u00f3 que estas medidas han provocado la pausa en inversiones nuevas, afectando [&hellip;]<\/p>\n","protected":false},"author":2,"featured_media":222828,"comment_status":"closed","ping_status":"closed","sticky":false,"template":"","format":"standard","meta":{"footnotes":""},"categories":[12870,178],"tags":[12865,12869],"class_list":["post-222827","post","type-post","status-publish","format-standard","has-post-thumbnail","hentry","category-destacadas","category-local","tag-destacadas","tag-local"],"jetpack_featured_media_url":"https:\/\/rnoticias.com.mx\/Portal\/wp-content\/uploads\/2025\/06\/1644332311140.jpg","amp_enabled":true,"_links":{"self":[{"href":"https:\/\/rnoticias.com.mx\/Portal\/wp-json\/wp\/v2\/posts\/222827","targetHints":{"allow":["GET"]}}],"collection":[{"href":"https:\/\/rnoticias.com.mx\/Portal\/wp-json\/wp\/v2\/posts"}],"about":[{"href":"https:\/\/rnoticias.com.mx\/Portal\/wp-json\/wp\/v2\/types\/post"}],"author":[{"embeddable":true,"href":"https:\/\/rnoticias.com.mx\/Portal\/wp-json\/wp\/v2\/users\/2"}],"replies":[{"embeddable":true,"href":"https:\/\/rnoticias.com.mx\/Portal\/wp-json\/wp\/v2\/comments?post=222827"}],"version-history":[{"count":1,"href":"https:\/\/rnoticias.com.mx\/Portal\/wp-json\/wp\/v2\/posts\/222827\/revisions"}],"predecessor-version":[{"id":222829,"href":"https:\/\/rnoticias.com.mx\/Portal\/wp-json\/wp\/v2\/posts\/222827\/revisions\/222829"}],"wp:featuredmedia":[{"embeddable":true,"href":"https:\/\/rnoticias.com.mx\/Portal\/wp-json\/wp\/v2\/media\/222828"}],"wp:attachment":[{"href":"https:\/\/rnoticias.com.mx\/Portal\/wp-json\/wp\/v2\/media?parent=222827"}],"wp:term":[{"taxonomy":"category","embeddable":true,"href":"https:\/\/rnoticias.com.mx\/Portal\/wp-json\/wp\/v2\/categories?post=222827"},{"taxonomy":"post_tag","embeddable":true,"href":"https:\/\/rnoticias.com.mx\/Portal\/wp-json\/wp\/v2\/tags?post=222827"}],"curies":[{"name":"wp","href":"https:\/\/api.w.org\/{rel}","templated":true}]}}