{"id":222809,"date":"2025-06-26T16:05:17","date_gmt":"2025-06-26T23:05:17","guid":{"rendered":"https:\/\/rnoticias.com.mx\/Portal\/?p=222809"},"modified":"2025-06-26T16:05:17","modified_gmt":"2025-06-26T23:05:17","slug":"se-fortalece-movimiento-ciudadano-en-puerto-penasco","status":"publish","type":"post","link":"https:\/\/rnoticias.com.mx\/Portal\/2025\/06\/26\/se-fortalece-movimiento-ciudadano-en-puerto-penasco\/","title":{"rendered":"Se fortalece Movimiento Ciudadano en Puerto Pe\u00f1asco"},"content":{"rendered":"<div>Puerto Pe\u00f1asco, Sonora a 26 de junio 2025.- Un espacio de di\u00e1logo para las y los ciudadanos que ser\u00e1 el centro para que las ideas, los proyectos y el trabajo se fortalezca en el municipio, refiri\u00f3 Natalia Rivera Grijalva, coordinadora estatal de Movimiento Ciudadano Sonora.<\/div>\n<div><\/div>\n<div>Con la inauguraci\u00f3n de la Casa Naranja del regidor Alan Renter\u00eda Morales se dio el banderazo de salida a los trabajos municipales que marcan el inicio de la construcci\u00f3n del triunfo que llevar\u00e1 a que los rocaportenses tengan respuesta a los problemas que les aquejan diariamente.<\/div>\n<div><\/div>\n<div>\u201cEstamos aqu\u00ed para refrendar todo el respaldado de la Coordinaci\u00f3n Estatal de Movimiento Ciudadano a \u00a0Alan Renter\u00eda, el respaldo de las y los regidores de Sonora, del vecino Estado de Baja California con Paco Barraza, regidor y secretario de Acuerdos de MC Estatal, sabemos que encabeza un reto que sabr\u00e1n sacar adelante\u201d, expres\u00f3 Natalia Rivera.<\/div>\n<div><\/div>\n<div>Dijo que conoce los problemas que enfrentan los rocaportenses, que tienen un basuron que es un verdadero problema, que el agua no llega a sus casa como se deber\u00eda, por eso en Movimiento Ciudadano tienen una alternativa seria, comprobada y con una visi\u00f3n de futuro para el municipio.<\/div>\n<div><\/div>\n<div>\u201cLa fuerza de este movimiento son ustedes los ciudadanos, son quienes lo han convertido en la segunda fuerza pol\u00edtica de M\u00e9xico, porque representamos una alternativa que escucha, que conoce los problemas y \u00a0ofrece opciones de soluci\u00f3n como gobierno\u201d, dijo la Coordinadora Estatal de MC Sonora.<\/div>\n<div><\/div>\n<div>Por su parte, Alan Renter\u00eda, regidor y coordinador estatal de Asuntos Municipales de MC Sonora manifest\u00f3 que este espacio viene a consolidar el trabajo que han venido realizando en favor de las y los ciudadanos.<\/div>\n<div><\/div>\n<div>\u201cEl trabajo en equipo, en conjunto, trabajando por las causas y realmente poniendo a los ciudadanos de Puerto Pe\u00f1asco enfrente y priorizando lo que nos hace falta, es como vamos a lograr el triunfo de los ciudadanos\u201d, se\u00f1al\u00f3.<\/div>\n<div><\/div>\n<div>\u201cMuchas gracias por creer en un proyecto que se va a construir con el esfuerzo y con la voluntad de todos ustedes. Muchas gracias por creer que el futuro de Puerto Pe\u00f1asco es naranja\u201d, finaliz\u00f3 el regidor Alan Renter\u00eda.<\/div>\n<div><\/div>\n<div>Se cont\u00f3 con la participaci\u00f3n de militantes y simpatizantes; \u00a0Roberto Rodr\u00edguez, secretario de Asuntos Municipales de MC Sonora; Lupita Barrag\u00e1n, regidora de Sonoyta; Patricia Azcagorta, de Caborca.<\/div>\n","protected":false},"excerpt":{"rendered":"<p>Puerto Pe\u00f1asco, Sonora a 26 de junio 2025.- Un espacio de di\u00e1logo para las y los ciudadanos que ser\u00e1 el centro para que las ideas, los proyectos y el trabajo se fortalezca en el municipio, refiri\u00f3 Natalia Rivera Grijalva, coordinadora estatal de Movimiento Ciudadano Sonora. Con la inauguraci\u00f3n de la Casa Naranja del regidor Alan [&hellip;]<\/p>\n","protected":false},"author":2,"featured_media":222810,"comment_status":"closed","ping_status":"closed","sticky":false,"template":"","format":"standard","meta":{"footnotes":""},"categories":[12870,12868],"tags":[12865,12879],"class_list":["post-222809","post","type-post","status-publish","format-standard","has-post-thumbnail","hentry","category-destacadas","category-politica","tag-destacadas","tag-politica"],"jetpack_featured_media_url":"https:\/\/rnoticias.com.mx\/Portal\/wp-content\/uploads\/2025\/06\/25062501.jpeg","amp_enabled":true,"_links":{"self":[{"href":"https:\/\/rnoticias.com.mx\/Portal\/wp-json\/wp\/v2\/posts\/222809","targetHints":{"allow":["GET"]}}],"collection":[{"href":"https:\/\/rnoticias.com.mx\/Portal\/wp-json\/wp\/v2\/posts"}],"about":[{"href":"https:\/\/rnoticias.com.mx\/Portal\/wp-json\/wp\/v2\/types\/post"}],"author":[{"embeddable":true,"href":"https:\/\/rnoticias.com.mx\/Portal\/wp-json\/wp\/v2\/users\/2"}],"replies":[{"embeddable":true,"href":"https:\/\/rnoticias.com.mx\/Portal\/wp-json\/wp\/v2\/comments?post=222809"}],"version-history":[{"count":1,"href":"https:\/\/rnoticias.com.mx\/Portal\/wp-json\/wp\/v2\/posts\/222809\/revisions"}],"predecessor-version":[{"id":222811,"href":"https:\/\/rnoticias.com.mx\/Portal\/wp-json\/wp\/v2\/posts\/222809\/revisions\/222811"}],"wp:featuredmedia":[{"embeddable":true,"href":"https:\/\/rnoticias.com.mx\/Portal\/wp-json\/wp\/v2\/media\/222810"}],"wp:attachment":[{"href":"https:\/\/rnoticias.com.mx\/Portal\/wp-json\/wp\/v2\/media?parent=222809"}],"wp:term":[{"taxonomy":"category","embeddable":true,"href":"https:\/\/rnoticias.com.mx\/Portal\/wp-json\/wp\/v2\/categories?post=222809"},{"taxonomy":"post_tag","embeddable":true,"href":"https:\/\/rnoticias.com.mx\/Portal\/wp-json\/wp\/v2\/tags?post=222809"}],"curies":[{"name":"wp","href":"https:\/\/api.w.org\/{rel}","templated":true}]}}