{"id":222806,"date":"2025-06-26T15:42:58","date_gmt":"2025-06-26T22:42:58","guid":{"rendered":"https:\/\/rnoticias.com.mx\/Portal\/?p=222806"},"modified":"2025-06-26T15:42:58","modified_gmt":"2025-06-26T22:42:58","slug":"turna-congreso-de-sonora-iniciativa-sobre-derechos-electorales-de-mujeres-indigenas-y-presenta-posicionamientos","status":"publish","type":"post","link":"https:\/\/rnoticias.com.mx\/Portal\/2025\/06\/26\/turna-congreso-de-sonora-iniciativa-sobre-derechos-electorales-de-mujeres-indigenas-y-presenta-posicionamientos\/","title":{"rendered":"Turna Congreso de Sonora iniciativa sobre derechos electorales de mujeres ind\u00edgenas y presenta posicionamientos"},"content":{"rendered":"<p>Hermosillo, Sonora; 26 de junio de 2025.- En sesi\u00f3n de la Diputaci\u00f3n Permanente del Congreso del Estado de Sonora, se turn\u00f3 a comisi\u00f3n una iniciativa en favor de los derechos pol\u00edtico-electorales de las mujeres ind\u00edgenas. Asimismo, se presentaron posicionamientos que reconocen el liderazgo internacional de la presidenta Claudia Sheinbaum en la Cumbre del G7 y respaldan su llamado a un trato digno para la comunidad migrante mexicana en Estados Unidos.<\/p>\n<p>La diputada Rebeca Irene Silva Gallardo (NAS) present\u00f3 una iniciativa para reformar y adicionar la Ley de Instituciones y Procedimientos Electorales, as\u00ed como la Ley de Derechos de los Pueblos y Comunidades Ind\u00edgenas de Sonora, con el objetivo de garantizar certeza jur\u00eddica a las mujeres ind\u00edgenas en el ejercicio pleno de sus derechos pol\u00edtico-electorales. La propuesta busca armonizar la legislaci\u00f3n estatal con el marco federal y promover los principios de inclusi\u00f3n, igualdad y justicia. La iniciativa fue turnada a la Comisi\u00f3n de Asuntos Ind\u00edgenas para su estudio y dictaminaci\u00f3n.<\/p>\n<p>Posteriormente, el diputado Pr\u00f3spero Valenzuela M\u00fa\u00f1er (Morena) present\u00f3 un posicionamiento en defensa de los derechos humanos de las y los migrantes mexicanos en Estados Unidos, en el cual rechaz\u00f3 las pol\u00edticas discriminatorias y represivas, y expres\u00f3 su respaldo al llamado de la presidenta Claudia Sheinbaum a favor de un trato digno, justo y humanista para quienes contribuyen al desarrollo econ\u00f3mico de ambas naciones.<\/p>\n<p>Por su parte, la diputada Ros\u00e1ngela Amairany Pe\u00f1a Escalante (PES) destac\u00f3, en su posicionamiento, la relevancia hist\u00f3rica y pol\u00edtica de la participaci\u00f3n de la presidenta Claudia Sheinbaum en la Cumbre del G7, como s\u00edmbolo del nuevo liderazgo mexicano con perspectiva de g\u00e9nero, diplomacia activa y compromiso con el desarrollo sostenible. Asimismo, subray\u00f3 los beneficios concretos que esta participaci\u00f3n representa para Sonora y la importancia de fomentar una mayor presencia de mujeres en la vida p\u00fablica.<\/p>\n<p>Finalmente, la diputada Pe\u00f1a Escalante present\u00f3 el informe del presidente de la Mesa Directiva sobre el seguimiento a los puntos de acuerdo aprobados por el Pleno durante el mes de mayo.<\/p>\n<p>La Mesa Directiva anunciar\u00e1 oportunamente la fecha y hora de la pr\u00f3xima sesi\u00f3n a trav\u00e9s de la Gaceta Parlamentaria.<\/p>\n","protected":false},"excerpt":{"rendered":"<p>Hermosillo, Sonora; 26 de junio de 2025.- En sesi\u00f3n de la Diputaci\u00f3n Permanente del Congreso del Estado de Sonora, se turn\u00f3 a comisi\u00f3n una iniciativa en favor de los derechos pol\u00edtico-electorales de las mujeres ind\u00edgenas. Asimismo, se presentaron posicionamientos que reconocen el liderazgo internacional de la presidenta Claudia Sheinbaum en la Cumbre del G7 y [&hellip;]<\/p>\n","protected":false},"author":2,"featured_media":222807,"comment_status":"closed","ping_status":"closed","sticky":false,"template":"","format":"standard","meta":{"footnotes":""},"categories":[12870,12868],"tags":[12865,12879],"class_list":["post-222806","post","type-post","status-publish","format-standard","has-post-thumbnail","hentry","category-destacadas","category-politica","tag-destacadas","tag-politica"],"jetpack_featured_media_url":"https:\/\/rnoticias.com.mx\/Portal\/wp-content\/uploads\/2025\/06\/c6ce9bbb-b949-4f20-bc27-50250a06f882.jpg","amp_enabled":true,"_links":{"self":[{"href":"https:\/\/rnoticias.com.mx\/Portal\/wp-json\/wp\/v2\/posts\/222806","targetHints":{"allow":["GET"]}}],"collection":[{"href":"https:\/\/rnoticias.com.mx\/Portal\/wp-json\/wp\/v2\/posts"}],"about":[{"href":"https:\/\/rnoticias.com.mx\/Portal\/wp-json\/wp\/v2\/types\/post"}],"author":[{"embeddable":true,"href":"https:\/\/rnoticias.com.mx\/Portal\/wp-json\/wp\/v2\/users\/2"}],"replies":[{"embeddable":true,"href":"https:\/\/rnoticias.com.mx\/Portal\/wp-json\/wp\/v2\/comments?post=222806"}],"version-history":[{"count":1,"href":"https:\/\/rnoticias.com.mx\/Portal\/wp-json\/wp\/v2\/posts\/222806\/revisions"}],"predecessor-version":[{"id":222808,"href":"https:\/\/rnoticias.com.mx\/Portal\/wp-json\/wp\/v2\/posts\/222806\/revisions\/222808"}],"wp:featuredmedia":[{"embeddable":true,"href":"https:\/\/rnoticias.com.mx\/Portal\/wp-json\/wp\/v2\/media\/222807"}],"wp:attachment":[{"href":"https:\/\/rnoticias.com.mx\/Portal\/wp-json\/wp\/v2\/media?parent=222806"}],"wp:term":[{"taxonomy":"category","embeddable":true,"href":"https:\/\/rnoticias.com.mx\/Portal\/wp-json\/wp\/v2\/categories?post=222806"},{"taxonomy":"post_tag","embeddable":true,"href":"https:\/\/rnoticias.com.mx\/Portal\/wp-json\/wp\/v2\/tags?post=222806"}],"curies":[{"name":"wp","href":"https:\/\/api.w.org\/{rel}","templated":true}]}}