{"id":222803,"date":"2025-06-26T15:41:47","date_gmt":"2025-06-26T22:41:47","guid":{"rendered":"https:\/\/rnoticias.com.mx\/Portal\/?p=222803"},"modified":"2025-06-26T15:41:47","modified_gmt":"2025-06-26T22:41:47","slug":"impulsa-congreso-de-sonora-foro-de-consulta-para-mejorar-asignacion-de-recursos-en-municipios","status":"publish","type":"post","link":"https:\/\/rnoticias.com.mx\/Portal\/2025\/06\/26\/impulsa-congreso-de-sonora-foro-de-consulta-para-mejorar-asignacion-de-recursos-en-municipios\/","title":{"rendered":"Impulsa Congreso de Sonora foro de consulta para mejorar asignaci\u00f3n de recursos en municipios"},"content":{"rendered":"<p>Hermosillo, Sonora; 26 de junio de 2025.- Con el objetivo de abrir espacios de di\u00e1logo y construcci\u00f3n colectiva en torno a un presupuesto justo para las comunidades rurales, la diputada Iris S\u00e1nchez Chiu (PRI) llev\u00f3 a cabo el primer foro \u201cM\u00e1s Presupuesto, M\u00e1s Oportunidades\u201d, en el Congreso del Estado, con la participaci\u00f3n de autoridades municipales, comisarios, regidores y representantes de diversas localidades del municipio.<\/p>\n<p>La legisladora local explic\u00f3 que, mediante este ejercicio, se busca la socializaci\u00f3n de una iniciativa para reformar la Ley de Gobierno y Administraci\u00f3n Municipal, en la que se plantea que los municipios destinen a las comisar\u00edas, recursos por principio de proporcionalidad con base al n\u00famero de habitantes de cada comunidad, y como m\u00ednimo, un dos por ciento de su presupuesto total a las comisar\u00edas con menor densidad poblacional.<\/p>\n<p>Durante el foro, regidores, comisarios, representantes de comunidades rurales y de instituciones educativas del Poblado Miguel Alem\u00e1n y Bah\u00eda de Kino expresaron sus inquietudes, coincidencias y propuestas en torno a la iniciativa. Entre los temas abordados, destacaron la falta de recursos para infraestructura b\u00e1sica, la necesidad de fortalecer los servicios de salud y educaci\u00f3n en zonas rurales, as\u00ed como el apoyo a proyectos productivos.<\/p>\n<p>Tambi\u00e9n se hizo hincapi\u00e9 en la importancia de que los presupuestos respondan de manera directa a las necesidades detectadas, y en establecer mecanismos de seguimiento y evaluaci\u00f3n de los recursos ejercidos, a fin de asegurar su correcta aplicaci\u00f3n.<\/p>\n<p>Este ejercicio ser\u00e1 replicado en distintas regiones del estado, con el prop\u00f3sito de construir una reforma integral que cuente con el respaldo y la participaci\u00f3n de quienes conocen de primera mano los retos y desaf\u00edos de las comunidades rurales.<\/p>\n<p>Presentes: las diputadas Rebeca Silva Gallardo (NAS), Ana Gabriela Tapia Fonllem (PRD), Gabriela F\u00e9lix Boj\u00f3rquez (MC); y los diputados Emeterio Ochoa Baz\u00faa (PRI), Ferm\u00edn Trujillo Fuentes (NAS), Juan Pablo Arenivar Mart\u00ednez (PAN), David Figueroa Ortega (PVEM), Pr\u00f3spero Valenzuela Mu\u00f1er (Morena) y Norberto Barraza Almaz\u00e1n (PES).<\/p>\n","protected":false},"excerpt":{"rendered":"<p>Hermosillo, Sonora; 26 de junio de 2025.- Con el objetivo de abrir espacios de di\u00e1logo y construcci\u00f3n colectiva en torno a un presupuesto justo para las comunidades rurales, la diputada Iris S\u00e1nchez Chiu (PRI) llev\u00f3 a cabo el primer foro \u201cM\u00e1s Presupuesto, M\u00e1s Oportunidades\u201d, en el Congreso del Estado, con la participaci\u00f3n de autoridades municipales, [&hellip;]<\/p>\n","protected":false},"author":2,"featured_media":222804,"comment_status":"closed","ping_status":"closed","sticky":false,"template":"","format":"standard","meta":{"footnotes":""},"categories":[12870,12868],"tags":[12865,12879],"class_list":["post-222803","post","type-post","status-publish","format-standard","has-post-thumbnail","hentry","category-destacadas","category-politica","tag-destacadas","tag-politica"],"jetpack_featured_media_url":"https:\/\/rnoticias.com.mx\/Portal\/wp-content\/uploads\/2025\/06\/fafe9219-08e2-4ffc-82e7-11f5ef80003d.jpg","amp_enabled":true,"_links":{"self":[{"href":"https:\/\/rnoticias.com.mx\/Portal\/wp-json\/wp\/v2\/posts\/222803","targetHints":{"allow":["GET"]}}],"collection":[{"href":"https:\/\/rnoticias.com.mx\/Portal\/wp-json\/wp\/v2\/posts"}],"about":[{"href":"https:\/\/rnoticias.com.mx\/Portal\/wp-json\/wp\/v2\/types\/post"}],"author":[{"embeddable":true,"href":"https:\/\/rnoticias.com.mx\/Portal\/wp-json\/wp\/v2\/users\/2"}],"replies":[{"embeddable":true,"href":"https:\/\/rnoticias.com.mx\/Portal\/wp-json\/wp\/v2\/comments?post=222803"}],"version-history":[{"count":1,"href":"https:\/\/rnoticias.com.mx\/Portal\/wp-json\/wp\/v2\/posts\/222803\/revisions"}],"predecessor-version":[{"id":222805,"href":"https:\/\/rnoticias.com.mx\/Portal\/wp-json\/wp\/v2\/posts\/222803\/revisions\/222805"}],"wp:featuredmedia":[{"embeddable":true,"href":"https:\/\/rnoticias.com.mx\/Portal\/wp-json\/wp\/v2\/media\/222804"}],"wp:attachment":[{"href":"https:\/\/rnoticias.com.mx\/Portal\/wp-json\/wp\/v2\/media?parent=222803"}],"wp:term":[{"taxonomy":"category","embeddable":true,"href":"https:\/\/rnoticias.com.mx\/Portal\/wp-json\/wp\/v2\/categories?post=222803"},{"taxonomy":"post_tag","embeddable":true,"href":"https:\/\/rnoticias.com.mx\/Portal\/wp-json\/wp\/v2\/tags?post=222803"}],"curies":[{"name":"wp","href":"https:\/\/api.w.org\/{rel}","templated":true}]}}