{"id":222800,"date":"2025-06-26T15:38:09","date_gmt":"2025-06-26T22:38:09","guid":{"rendered":"https:\/\/rnoticias.com.mx\/Portal\/?p=222800"},"modified":"2025-06-26T15:38:09","modified_gmt":"2025-06-26T22:38:09","slug":"vinculado-sujeto-en-nogales-por-violencia-familiar-y-tentativa-de-privacion-ilegal-de-la-libertad","status":"publish","type":"post","link":"https:\/\/rnoticias.com.mx\/Portal\/2025\/06\/26\/vinculado-sujeto-en-nogales-por-violencia-familiar-y-tentativa-de-privacion-ilegal-de-la-libertad\/","title":{"rendered":"Vinculado sujeto en Nogales por violencia familiar y tentativa de privaci\u00f3n ilegal de la libertad"},"content":{"rendered":"<p>Nogales, Sonora, 26 de junio de 2025.- La Fiscal\u00eda General de Justicia del Estado de Sonora (FGJES) obtuvo la vinculaci\u00f3n a proceso en contra de David Daniel \u201cN\u201d, de 37 a\u00f1os, por su probable responsabilidad en los delitos de violencia familiar y tentativa de privaci\u00f3n ilegal de la libertad, en perjuicio de su hermana Mar\u00eda Bibiana \u201cN\u201d, de 48 a\u00f1os, en Nogales, Sonora.<\/p>\n<p>Durante la audiencia inicial derivada de la ejecuci\u00f3n de orden de aprehensi\u00f3n por elementos de la Agencia Ministerial de Investigaci\u00f3n Criminal (AMIC), el Juez resolvi\u00f3 la prisi\u00f3n preventiva justificada como medida cautelar, adem\u00e1s de fijar los plazos legales para el desarrollo de la investigaci\u00f3n complementaria.<\/p>\n<p>Los hechos ocurrieron el 23 de abril de 2025, cuando el imputado, al interior de un domicilio en la colonia Virreyes, agredi\u00f3 f\u00edsicamente a la v\u00edctima tras negarse a darle dinero, lesion\u00e1ndola con un cuchillo en brazos y abdomen.<\/p>\n<p>Posteriormente, el 11 de junio de 2025, acompa\u00f1ado de otros sujetos, intent\u00f3 privarla de la libertad, intercept\u00e1ndola a bordo de veh\u00edculos sed\u00e1n, golpe\u00e1ndola e intimid\u00e1ndola con amenazas de violencia sexual y homicida, la v\u00edctima impidi\u00f3 el cometido al defenderse desde el interior del autom\u00f3vil en el que viajaba.<\/p>\n<p>La Fiscal\u00eda General de Justicia del Estado de Sonora (FGJES) ratifica su compromiso institucional de combate frontal a la violencia familiar y de g\u00e9nero, garantizando el acceso a la justicia para todas las v\u00edctimas.<\/p>\n","protected":false},"excerpt":{"rendered":"<p>Nogales, Sonora, 26 de junio de 2025.- La Fiscal\u00eda General de Justicia del Estado de Sonora (FGJES) obtuvo la vinculaci\u00f3n a proceso en contra de David Daniel \u201cN\u201d, de 37 a\u00f1os, por su probable responsabilidad en los delitos de violencia familiar y tentativa de privaci\u00f3n ilegal de la libertad, en perjuicio de su hermana Mar\u00eda [&hellip;]<\/p>\n","protected":false},"author":2,"featured_media":222801,"comment_status":"closed","ping_status":"closed","sticky":false,"template":"","format":"standard","meta":{"footnotes":""},"categories":[188,12870],"tags":[5231,12865],"class_list":["post-222800","post","type-post","status-publish","format-standard","has-post-thumbnail","hentry","category-deportes","category-destacadas","tag-deportes","tag-destacadas"],"jetpack_featured_media_url":"https:\/\/rnoticias.com.mx\/Portal\/wp-content\/uploads\/2025\/06\/0851b45d-c45a-447c-8195-87613b9491f7.jpg","amp_enabled":true,"_links":{"self":[{"href":"https:\/\/rnoticias.com.mx\/Portal\/wp-json\/wp\/v2\/posts\/222800","targetHints":{"allow":["GET"]}}],"collection":[{"href":"https:\/\/rnoticias.com.mx\/Portal\/wp-json\/wp\/v2\/posts"}],"about":[{"href":"https:\/\/rnoticias.com.mx\/Portal\/wp-json\/wp\/v2\/types\/post"}],"author":[{"embeddable":true,"href":"https:\/\/rnoticias.com.mx\/Portal\/wp-json\/wp\/v2\/users\/2"}],"replies":[{"embeddable":true,"href":"https:\/\/rnoticias.com.mx\/Portal\/wp-json\/wp\/v2\/comments?post=222800"}],"version-history":[{"count":1,"href":"https:\/\/rnoticias.com.mx\/Portal\/wp-json\/wp\/v2\/posts\/222800\/revisions"}],"predecessor-version":[{"id":222802,"href":"https:\/\/rnoticias.com.mx\/Portal\/wp-json\/wp\/v2\/posts\/222800\/revisions\/222802"}],"wp:featuredmedia":[{"embeddable":true,"href":"https:\/\/rnoticias.com.mx\/Portal\/wp-json\/wp\/v2\/media\/222801"}],"wp:attachment":[{"href":"https:\/\/rnoticias.com.mx\/Portal\/wp-json\/wp\/v2\/media?parent=222800"}],"wp:term":[{"taxonomy":"category","embeddable":true,"href":"https:\/\/rnoticias.com.mx\/Portal\/wp-json\/wp\/v2\/categories?post=222800"},{"taxonomy":"post_tag","embeddable":true,"href":"https:\/\/rnoticias.com.mx\/Portal\/wp-json\/wp\/v2\/tags?post=222800"}],"curies":[{"name":"wp","href":"https:\/\/api.w.org\/{rel}","templated":true}]}}