{"id":222788,"date":"2025-06-26T13:27:45","date_gmt":"2025-06-26T20:27:45","guid":{"rendered":"https:\/\/rnoticias.com.mx\/Portal\/?p=222788"},"modified":"2025-06-26T13:27:45","modified_gmt":"2025-06-26T20:27:45","slug":"vinculan-a-proceso-a-pedro-n-por-privacion-ilegal-de-la-libertad-agravada-en-nogales","status":"publish","type":"post","link":"https:\/\/rnoticias.com.mx\/Portal\/2025\/06\/26\/vinculan-a-proceso-a-pedro-n-por-privacion-ilegal-de-la-libertad-agravada-en-nogales\/","title":{"rendered":"Vinculan a proceso a Pedro \u201cN\u201d por privaci\u00f3n ilegal de la libertad agravada en Nogales"},"content":{"rendered":"<p>Nogales, Sonora, 25 de junio de 2025.- Como resultado de la audiencia inicial, la Fiscal\u00eda General de Justicia del Estado de Sonora (FGJES) logr\u00f3 la formulaci\u00f3n de imputaci\u00f3n y vinculaci\u00f3n a proceso de Pedro \u201cN\u201d, por su probable responsabilidad en el delito de privaci\u00f3n ilegal de la libertad agravada, cometido en perjuicio de Efra\u00edn \u201cN\u201d, en Nogales.<\/p>\n<p>De acuerdo con los actos de investigaci\u00f3n, los hechos se suscitaron el 15 de abril de 2025, cuando la v\u00edctima se encontraba al interior de su domicilio en la colonia Ni\u00f1os H\u00e9roes, hasta donde arrib\u00f3 el imputado Pedro \u201cN\u201d, en compa\u00f1\u00eda de al menos dos personas armadas.<\/p>\n<p>El sujeto identific\u00f3 a la v\u00edctima con la frase: \u201cEs \u00e9l, es \u00e9l\u201d, tras lo cual sus acompa\u00f1antes irrumpieron en el domicilio, sacaron a Efra\u00edn \u201cN\u201d por la fuerza, le colocaron esposas y lo subieron a un veh\u00edculo.<\/p>\n<p>La v\u00edctima fue trasladada contra su voluntad hasta las inmediaciones de las colonias CTS-CROC y Ni\u00f1os H\u00e9roes, donde fue golpeada, caus\u00e1ndole lesiones m\u00faltiples; posteriormente fue abandonada en un predio ubicado en la colonia Municipal, donde fue localizada alrededor de las 20:30 horas del mismo d\u00eda.<\/p>\n<p>Durante la audiencia celebrada, el Juez resolvi\u00f3 vincular a proceso a Pedro \u201cN\u201d, imponi\u00e9ndole la medida cautelar de prisi\u00f3n preventiva justificada, y concediendo un plazo de dos meses para el cierre de la investigaci\u00f3n complementaria.<\/p>\n<p>La Fiscal\u00eda General de Justicia del Estado de Sonora reafirma su compromiso de llevar ante la justicia a quienes atenten contra la libertad, integridad y seguridad de las personas, actuando con estricto apego a derecho.<\/p>\n","protected":false},"excerpt":{"rendered":"<p>Nogales, Sonora, 25 de junio de 2025.- Como resultado de la audiencia inicial, la Fiscal\u00eda General de Justicia del Estado de Sonora (FGJES) logr\u00f3 la formulaci\u00f3n de imputaci\u00f3n y vinculaci\u00f3n a proceso de Pedro \u201cN\u201d, por su probable responsabilidad en el delito de privaci\u00f3n ilegal de la libertad agravada, cometido en perjuicio de Efra\u00edn \u201cN\u201d, [&hellip;]<\/p>\n","protected":false},"author":2,"featured_media":222789,"comment_status":"closed","ping_status":"closed","sticky":false,"template":"","format":"standard","meta":{"footnotes":""},"categories":[12870,174],"tags":[12865,12873],"class_list":["post-222788","post","type-post","status-publish","format-standard","has-post-thumbnail","hentry","category-destacadas","category-estatal","tag-destacadas","tag-estatal"],"jetpack_featured_media_url":"https:\/\/rnoticias.com.mx\/Portal\/wp-content\/uploads\/2025\/06\/c62ccdff-7ba2-4ac3-be6d-a4978e2eb102.jpg","amp_enabled":true,"_links":{"self":[{"href":"https:\/\/rnoticias.com.mx\/Portal\/wp-json\/wp\/v2\/posts\/222788","targetHints":{"allow":["GET"]}}],"collection":[{"href":"https:\/\/rnoticias.com.mx\/Portal\/wp-json\/wp\/v2\/posts"}],"about":[{"href":"https:\/\/rnoticias.com.mx\/Portal\/wp-json\/wp\/v2\/types\/post"}],"author":[{"embeddable":true,"href":"https:\/\/rnoticias.com.mx\/Portal\/wp-json\/wp\/v2\/users\/2"}],"replies":[{"embeddable":true,"href":"https:\/\/rnoticias.com.mx\/Portal\/wp-json\/wp\/v2\/comments?post=222788"}],"version-history":[{"count":1,"href":"https:\/\/rnoticias.com.mx\/Portal\/wp-json\/wp\/v2\/posts\/222788\/revisions"}],"predecessor-version":[{"id":222790,"href":"https:\/\/rnoticias.com.mx\/Portal\/wp-json\/wp\/v2\/posts\/222788\/revisions\/222790"}],"wp:featuredmedia":[{"embeddable":true,"href":"https:\/\/rnoticias.com.mx\/Portal\/wp-json\/wp\/v2\/media\/222789"}],"wp:attachment":[{"href":"https:\/\/rnoticias.com.mx\/Portal\/wp-json\/wp\/v2\/media?parent=222788"}],"wp:term":[{"taxonomy":"category","embeddable":true,"href":"https:\/\/rnoticias.com.mx\/Portal\/wp-json\/wp\/v2\/categories?post=222788"},{"taxonomy":"post_tag","embeddable":true,"href":"https:\/\/rnoticias.com.mx\/Portal\/wp-json\/wp\/v2\/tags?post=222788"}],"curies":[{"name":"wp","href":"https:\/\/api.w.org\/{rel}","templated":true}]}}