{"id":222785,"date":"2025-06-26T13:23:39","date_gmt":"2025-06-26T20:23:39","guid":{"rendered":"https:\/\/rnoticias.com.mx\/Portal\/?p=222785"},"modified":"2025-06-26T13:23:39","modified_gmt":"2025-06-26T20:23:39","slug":"vinculado-a-proceso-luis-mario-n-por-el-delito-de-violencia-familiar-en-cajeme","status":"publish","type":"post","link":"https:\/\/rnoticias.com.mx\/Portal\/2025\/06\/26\/vinculado-a-proceso-luis-mario-n-por-el-delito-de-violencia-familiar-en-cajeme\/","title":{"rendered":"Vinculado a proceso Luis Mario \u201cN\u201d por el delito de violencia familiar en Cajeme"},"content":{"rendered":"<p>Cajeme, Sonora, 26 de junio de 2025.- La Fiscal\u00eda General de Justicia del Estado de Sonora (FGJES) informa que, durante audiencia de formulaci\u00f3n de imputaci\u00f3n, se obtuvo la vinculaci\u00f3n a proceso contra Luis Mario \u201cN\u201d, de 36 a\u00f1os, se\u00f1alado como probable responsable del delito de violencia familiar, tras lo que el Juez determin\u00f3 imponer la medida cautelar de prisi\u00f3n preventiva justificada y otorg\u00f3 un plazo de tres meses para el cierre de investigaci\u00f3n complementaria.<\/p>\n<p>Los hechos ocurrieron el 9 de mayo de 2025, aproximadamente a las 19:00 horas, en un domicilio ubicado en el fraccionamiento Paseo Alameda, en Ciudad Obreg\u00f3n.<\/p>\n<p>En ese lugar, se presume, el imputado agredi\u00f3 de manera verbal, f\u00edsica y psicoemocional a la v\u00edctima, mujer de 36 a\u00f1os, quien es su ex concubina; durante la agresi\u00f3n, el imputado estrell\u00f3 el tel\u00e9fono celular de la v\u00edctima contra el suelo y le propin\u00f3 un golpe con su mano apu\u00f1ada en el rostro izquierdo.<\/p>\n<p>Durante el incidente, el imputado sujet\u00f3 a la v\u00edctima de las manos y la empuj\u00f3 contra la pared, luego la tom\u00f3 del cuello y de la cara, jal\u00e1ndole el cabello y la nuca; adem\u00e1s de amenazarla con una navaja y provocarle una herida con ella.<\/p>\n<p>A este comportamiento se se suma que, en todo momento, estuvo presente su menor hija, de tres a\u00f1os de edad, cuya identidad se mantiene reservada.<\/p>\n<p>Al acreditar la probable responsabilidad del se\u00f1alado por los hechos descritos, a trav\u00e9s de medios de prueba contundentes, el Juez tom\u00f3 las determinaciones judiciales descritas l\u00edneas arriba, por lo que el sujeto se encuentra internado en un Centro de Reinserci\u00f3n Social (CERESO) estatal, a la espera de que avance el debido proceso.<\/p>\n<p>Este caso refrenda el compromiso de la FGJES con la protecci\u00f3n integral de las v\u00edctimas de violencia intrafamiliar y el fortalecimiento de la seguridad emocional y f\u00edsica de las familias sonorenses.<\/p>\n","protected":false},"excerpt":{"rendered":"<p>Cajeme, Sonora, 26 de junio de 2025.- La Fiscal\u00eda General de Justicia del Estado de Sonora (FGJES) informa que, durante audiencia de formulaci\u00f3n de imputaci\u00f3n, se obtuvo la vinculaci\u00f3n a proceso contra Luis Mario \u201cN\u201d, de 36 a\u00f1os, se\u00f1alado como probable responsable del delito de violencia familiar, tras lo que el Juez determin\u00f3 imponer la [&hellip;]<\/p>\n","protected":false},"author":2,"featured_media":222786,"comment_status":"closed","ping_status":"closed","sticky":false,"template":"","format":"standard","meta":{"footnotes":""},"categories":[12870,174],"tags":[12865,12873],"class_list":["post-222785","post","type-post","status-publish","format-standard","has-post-thumbnail","hentry","category-destacadas","category-estatal","tag-destacadas","tag-estatal"],"jetpack_featured_media_url":"https:\/\/rnoticias.com.mx\/Portal\/wp-content\/uploads\/2025\/06\/614d33fb-843d-45c4-85c0-2a0bf96150f1.jpg","amp_enabled":true,"_links":{"self":[{"href":"https:\/\/rnoticias.com.mx\/Portal\/wp-json\/wp\/v2\/posts\/222785","targetHints":{"allow":["GET"]}}],"collection":[{"href":"https:\/\/rnoticias.com.mx\/Portal\/wp-json\/wp\/v2\/posts"}],"about":[{"href":"https:\/\/rnoticias.com.mx\/Portal\/wp-json\/wp\/v2\/types\/post"}],"author":[{"embeddable":true,"href":"https:\/\/rnoticias.com.mx\/Portal\/wp-json\/wp\/v2\/users\/2"}],"replies":[{"embeddable":true,"href":"https:\/\/rnoticias.com.mx\/Portal\/wp-json\/wp\/v2\/comments?post=222785"}],"version-history":[{"count":1,"href":"https:\/\/rnoticias.com.mx\/Portal\/wp-json\/wp\/v2\/posts\/222785\/revisions"}],"predecessor-version":[{"id":222787,"href":"https:\/\/rnoticias.com.mx\/Portal\/wp-json\/wp\/v2\/posts\/222785\/revisions\/222787"}],"wp:featuredmedia":[{"embeddable":true,"href":"https:\/\/rnoticias.com.mx\/Portal\/wp-json\/wp\/v2\/media\/222786"}],"wp:attachment":[{"href":"https:\/\/rnoticias.com.mx\/Portal\/wp-json\/wp\/v2\/media?parent=222785"}],"wp:term":[{"taxonomy":"category","embeddable":true,"href":"https:\/\/rnoticias.com.mx\/Portal\/wp-json\/wp\/v2\/categories?post=222785"},{"taxonomy":"post_tag","embeddable":true,"href":"https:\/\/rnoticias.com.mx\/Portal\/wp-json\/wp\/v2\/tags?post=222785"}],"curies":[{"name":"wp","href":"https:\/\/api.w.org\/{rel}","templated":true}]}}