{"id":222782,"date":"2025-06-26T13:20:46","date_gmt":"2025-06-26T20:20:46","guid":{"rendered":"https:\/\/rnoticias.com.mx\/Portal\/?p=222782"},"modified":"2025-06-26T13:20:46","modified_gmt":"2025-06-26T20:20:46","slug":"fgjes-esclarece-homicidio-de-propietario-del-restaurante-mariscos-el-charco-cometido-en-hermosillo-sonora","status":"publish","type":"post","link":"https:\/\/rnoticias.com.mx\/Portal\/2025\/06\/26\/fgjes-esclarece-homicidio-de-propietario-del-restaurante-mariscos-el-charco-cometido-en-hermosillo-sonora\/","title":{"rendered":"FGJES esclarece homicidio de propietario del Restaurante Mariscos \u201cEl Charco\u201d cometido en Hermosillo, Sonora"},"content":{"rendered":"<p>Hermosillo, Sonora, 26 de junio de 2025.- La Fiscal\u00eda General de Justicia del Estado de Sonora (FGJES), por medio de la Agencia Ministerial de Investigaci\u00f3n Criminal (AMIC), ejecut\u00f3 una orden de aprehensi\u00f3n en reclusi\u00f3n en contra de Jos\u00e9 Guadalupe \u201cN\u201d, quien fue imputado como probable responsable por el delito de homicidio calificado con alevos\u00eda y ventaja, cometido el 16 de febrero de 2025 en el restaurante Mariscos \u201cEl Charco\u201d, ubicado en esta capital.<\/p>\n<p>Los hechos ocurrieron cuando el propietario del establecimiento, identificado como Carlos \u201cN\u201d, alias \u201cCharly\u201d, se encontraba laborando en el citado establecimiento comercial, a donde arribaron dos sujetos a bordo de una motocicleta, uno de ellos con indumentaria propia de un repartidor de alimentos, siendo \u00e9ste quien dispar\u00f3 contra el perjudicado.<\/p>\n<p>De acuerdo con la investigaci\u00f3n, Jos\u00e9 Guadalupe \u201cN\u201d particip\u00f3 activamente en el crimen al conducir la motocicleta en la cual traslad\u00f3 al tirador y despu\u00e9s de esto, el imputado, particip\u00f3 en la huida del agresor, transport\u00e1ndolo nuevamente en la misma unidad, cabe se\u00f1alar que d\u00edas despu\u00e9s de los hechos, el 21 de febrero de 2025 el imputado fue detenido en posesi\u00f3n de un arma de fuego y a bordo de un autom\u00f3vil Ford Fiesta, con reporte de robo, el cual se acredit\u00f3 que utiliz\u00f3 para reunirse con el tirador con la finalidad de cometer el homicidio d\u00edas antes.<\/p>\n<p>Con estricto apego al debido proceso se llevaron a cabo las acciones de investigaci\u00f3n correspondientes que incluyen: la entrevista de testigos, aseguramiento de veh\u00edculos relacionados al hecho, obtenci\u00f3n de videograbaciones del lugar de los hechos y comercios aleda\u00f1os al mismo, la autorizaci\u00f3n judicial para extracci\u00f3n de informaci\u00f3n, el seguimiento de trayectoria de los imputados momentos previos al hecho, durante el hecho y durante su huida, as\u00ed como m\u00faltiples pruebas cient\u00edficas, entre ellos la morfocomparativa facial del imputado, para acreditar su probable responsabilidad en el homicidio del empresario restaurantero, logrando obtener la orden de aprehensi\u00f3n del Juez de Control, misma que se ejecut\u00f3 el pasado 24 de junio estando el imputado en reclusi\u00f3n por diversos delitos que ya se se\u00f1alaron.<\/p>\n<p>En audiencia, se formul\u00f3 imputaci\u00f3n formal contra el se\u00f1alado; la Unidad Especializada en Investigaci\u00f3n de Homicidios de la FGJES llev\u00f3 a cabo las indagatorias necesarias para esclarecer los hechos, recabando datos de prueba necesarios y presentando un s\u00f3lido caudal probatorio, por lo que el se\u00f1alado qued\u00f3 vinculado a proceso penal y se impuso la prisi\u00f3n preventiva justificada como medida cautelar.<\/p>\n<p>Ahora, se trabaja para lograr la captura de los dem\u00e1s participantes a fin de procurar justicia para la v\u00edctima, y solicitar un castigo ejemplar y conforme a derecho para los responsables.<\/p>\n","protected":false},"excerpt":{"rendered":"<p>Hermosillo, Sonora, 26 de junio de 2025.- La Fiscal\u00eda General de Justicia del Estado de Sonora (FGJES), por medio de la Agencia Ministerial de Investigaci\u00f3n Criminal (AMIC), ejecut\u00f3 una orden de aprehensi\u00f3n en reclusi\u00f3n en contra de Jos\u00e9 Guadalupe \u201cN\u201d, quien fue imputado como probable responsable por el delito de homicidio calificado con alevos\u00eda y [&hellip;]<\/p>\n","protected":false},"author":2,"featured_media":222783,"comment_status":"closed","ping_status":"closed","sticky":false,"template":"","format":"standard","meta":{"footnotes":""},"categories":[12870,178],"tags":[12865,12869],"class_list":["post-222782","post","type-post","status-publish","format-standard","has-post-thumbnail","hentry","category-destacadas","category-local","tag-destacadas","tag-local"],"jetpack_featured_media_url":"https:\/\/rnoticias.com.mx\/Portal\/wp-content\/uploads\/2025\/06\/102ae79b-fe13-4af4-8b27-bd5f0f7d4f3e.jpg","amp_enabled":true,"_links":{"self":[{"href":"https:\/\/rnoticias.com.mx\/Portal\/wp-json\/wp\/v2\/posts\/222782","targetHints":{"allow":["GET"]}}],"collection":[{"href":"https:\/\/rnoticias.com.mx\/Portal\/wp-json\/wp\/v2\/posts"}],"about":[{"href":"https:\/\/rnoticias.com.mx\/Portal\/wp-json\/wp\/v2\/types\/post"}],"author":[{"embeddable":true,"href":"https:\/\/rnoticias.com.mx\/Portal\/wp-json\/wp\/v2\/users\/2"}],"replies":[{"embeddable":true,"href":"https:\/\/rnoticias.com.mx\/Portal\/wp-json\/wp\/v2\/comments?post=222782"}],"version-history":[{"count":1,"href":"https:\/\/rnoticias.com.mx\/Portal\/wp-json\/wp\/v2\/posts\/222782\/revisions"}],"predecessor-version":[{"id":222784,"href":"https:\/\/rnoticias.com.mx\/Portal\/wp-json\/wp\/v2\/posts\/222782\/revisions\/222784"}],"wp:featuredmedia":[{"embeddable":true,"href":"https:\/\/rnoticias.com.mx\/Portal\/wp-json\/wp\/v2\/media\/222783"}],"wp:attachment":[{"href":"https:\/\/rnoticias.com.mx\/Portal\/wp-json\/wp\/v2\/media?parent=222782"}],"wp:term":[{"taxonomy":"category","embeddable":true,"href":"https:\/\/rnoticias.com.mx\/Portal\/wp-json\/wp\/v2\/categories?post=222782"},{"taxonomy":"post_tag","embeddable":true,"href":"https:\/\/rnoticias.com.mx\/Portal\/wp-json\/wp\/v2\/tags?post=222782"}],"curies":[{"name":"wp","href":"https:\/\/api.w.org\/{rel}","templated":true}]}}