{"id":222779,"date":"2025-06-26T13:19:42","date_gmt":"2025-06-26T20:19:42","guid":{"rendered":"https:\/\/rnoticias.com.mx\/Portal\/?p=222779"},"modified":"2025-06-26T13:19:42","modified_gmt":"2025-06-26T20:19:42","slug":"estudiantes-de-cecyte-representaran-a-sonora-en-la-olimpiada-nacional-conade-2025","status":"publish","type":"post","link":"https:\/\/rnoticias.com.mx\/Portal\/2025\/06\/26\/estudiantes-de-cecyte-representaran-a-sonora-en-la-olimpiada-nacional-conade-2025\/","title":{"rendered":"Estudiantes de Cecyte representar\u00e1n a Sonora en la Olimpiada Nacional Conade 2025"},"content":{"rendered":"<p align=\"left\">Hermosillo, Sonora; 26 de junio de 2025.- Estudiantes del Colegio de Estudios Cient\u00edficos y Tecnol\u00f3gicos del Estado de Sonora (Cecyte) participar\u00e1n en la Olimpiada Nacional Conade 2025, donde representar\u00e1n al estado como parte del equipo de hockey sobre pasto.<\/p>\n<p align=\"left\">\n<p align=\"left\">La competencia se llevar\u00e1 a cabo del 29 de junio al 3 de julio en Guadalajara, Jalisco, donde las y los j\u00f3venes atletas tendr\u00e1n la oportunidad de demostrar su talento, disciplina y compromiso, representando con orgullo a su instituci\u00f3n y a la entidad en una de las competencias deportivas m\u00e1s importantes a nivel nacional.<\/p>\n<p align=\"left\">\n<p align=\"left\">La directora general de Cecyte Sonora, Blanca Aurelia Valenzuela, mencion\u00f3 que las y los estudiantes son un orgullo para la instituci\u00f3n, adem\u00e1s de un ejemplo para sus compa\u00f1eros por su esfuerzo, talento, dedicaci\u00f3n, disciplina y compromiso.<\/p>\n<p align=\"left\">\n<p align=\"left\">Jazel Ailin Maciel Pe\u00f1a, del plantel Hermosillo I \u201cLa Manga\u201d; y \u00c1frika Tanail\u00ed Guadalupe L\u00f3pez Mart\u00ednez, Alison Daniela Mart\u00ednez Carranza, Edgar Sa\u00fal Ruelas Casillas, Isaac Vilchis, Marcia Rebeca Zavala Burgos y Marcos Gabriel Garc\u00eda Cohen, del EMSaD Carb\u00f3, fueron seleccionados por su destacado desempe\u00f1o deportivo.<\/p>\n<p align=\"left\">\n<p align=\"left\">Con ello, se reafirma el compromiso del Gobierno de Sonora con el impulso al deporte como parte fundamental en la formaci\u00f3n integral de las y los j\u00f3venes sonorenses.<\/p>\n","protected":false},"excerpt":{"rendered":"<p>Hermosillo, Sonora; 26 de junio de 2025.- Estudiantes del Colegio de Estudios Cient\u00edficos y Tecnol\u00f3gicos del Estado de Sonora (Cecyte) participar\u00e1n en la Olimpiada Nacional Conade 2025, donde representar\u00e1n al estado como parte del equipo de hockey sobre pasto. La competencia se llevar\u00e1 a cabo del 29 de junio al 3 de julio en Guadalajara, [&hellip;]<\/p>\n","protected":false},"author":2,"featured_media":222780,"comment_status":"closed","ping_status":"closed","sticky":false,"template":"","format":"standard","meta":{"footnotes":""},"categories":[188,12870],"tags":[5231,12865],"class_list":["post-222779","post","type-post","status-publish","format-standard","has-post-thumbnail","hentry","category-deportes","category-destacadas","tag-deportes","tag-destacadas"],"jetpack_featured_media_url":"https:\/\/rnoticias.com.mx\/Portal\/wp-content\/uploads\/2025\/06\/unnamed-121.jpg","amp_enabled":true,"_links":{"self":[{"href":"https:\/\/rnoticias.com.mx\/Portal\/wp-json\/wp\/v2\/posts\/222779","targetHints":{"allow":["GET"]}}],"collection":[{"href":"https:\/\/rnoticias.com.mx\/Portal\/wp-json\/wp\/v2\/posts"}],"about":[{"href":"https:\/\/rnoticias.com.mx\/Portal\/wp-json\/wp\/v2\/types\/post"}],"author":[{"embeddable":true,"href":"https:\/\/rnoticias.com.mx\/Portal\/wp-json\/wp\/v2\/users\/2"}],"replies":[{"embeddable":true,"href":"https:\/\/rnoticias.com.mx\/Portal\/wp-json\/wp\/v2\/comments?post=222779"}],"version-history":[{"count":1,"href":"https:\/\/rnoticias.com.mx\/Portal\/wp-json\/wp\/v2\/posts\/222779\/revisions"}],"predecessor-version":[{"id":222781,"href":"https:\/\/rnoticias.com.mx\/Portal\/wp-json\/wp\/v2\/posts\/222779\/revisions\/222781"}],"wp:featuredmedia":[{"embeddable":true,"href":"https:\/\/rnoticias.com.mx\/Portal\/wp-json\/wp\/v2\/media\/222780"}],"wp:attachment":[{"href":"https:\/\/rnoticias.com.mx\/Portal\/wp-json\/wp\/v2\/media?parent=222779"}],"wp:term":[{"taxonomy":"category","embeddable":true,"href":"https:\/\/rnoticias.com.mx\/Portal\/wp-json\/wp\/v2\/categories?post=222779"},{"taxonomy":"post_tag","embeddable":true,"href":"https:\/\/rnoticias.com.mx\/Portal\/wp-json\/wp\/v2\/tags?post=222779"}],"curies":[{"name":"wp","href":"https:\/\/api.w.org\/{rel}","templated":true}]}}