{"id":222776,"date":"2025-06-26T10:42:03","date_gmt":"2025-06-26T17:42:03","guid":{"rendered":"https:\/\/rnoticias.com.mx\/Portal\/?p=222776"},"modified":"2025-06-26T10:42:03","modified_gmt":"2025-06-26T17:42:03","slug":"invita-gobierno-de-sonora-a-campamento-de-verano-codeson-2025","status":"publish","type":"post","link":"https:\/\/rnoticias.com.mx\/Portal\/2025\/06\/26\/invita-gobierno-de-sonora-a-campamento-de-verano-codeson-2025\/","title":{"rendered":"Invita Gobierno de Sonora a Campamento de Verano Codeson 2025"},"content":{"rendered":"<p>Hermosillo, Sonora; 25 de junio de 2025.- Con el prop\u00f3sito de fomentar la actividad f\u00edsica, la sana convivencia y el desarrollo integral de ni\u00f1as, ni\u00f1os y adolescentes sonorense durante el periodo vacacional, el Gobierno de Sonora invita al Campamento de Verano Codeson 2025, que se llevar\u00e1 a cabo del 7 al 18 de julio en la Unidad Deportiva del Noroeste (CUM) y en la Unidad Deportiva Ana Gabriela Guevara (Polifuncional), donde ni\u00f1as y ni\u00f1os de entre 6 y 13 a\u00f1os de edad podr\u00e1n practicar 17 disciplinas.<\/p>\n<p>Los deportes que se impartir\u00e1n son: frisbee, futbol, taekwondo, luchas, ajedrez, hockey, gimnasia, tiro con arco, tiro deportivo, basquetbol, handball, b\u00e1dminton, nataci\u00f3n, volibol y beisbol 5, adem\u00e1s de juegos y deportes para la inclusi\u00f3n y la recreaci\u00f3n.<\/p>\n<p>Cabe destacar que en la Unidad Deportiva del Noroeste se ofrecer\u00e1n todas las disciplinas mencionadas, mientras que en la Unidad Deportiva Ana Gabriela Guevara est\u00e1n programadas 14, excluyendo gimnasia, tiro con arco y tiro deportivo.<\/p>\n<p>Para registrarse en el Campamento de Verano Codeson 2025 es necesario acceder al sitio web\u00a0<a href=\"https:\/\/www.campamentocodeson.com\/\" target=\"_blank\" rel=\"noopener\" data-saferedirecturl=\"https:\/\/www.google.com\/url?q=https:\/\/www.campamentocodeson.com&amp;source=gmail&amp;ust=1750981868419000&amp;usg=AOvVaw3DzhrMonA25FgHrMbn2fjP\">https:\/\/www.campamentocodeson.<wbr \/>com<\/a>, o bien, entregar la documentaci\u00f3n en las respectivas instalaciones deportivas en un horario de 9:00 de la ma\u00f1ana a 2:00 de la tarde. Para m\u00e1s informaci\u00f3n, se puede llamar al tel\u00e9fono 2-60-55-52.<\/p>\n<p>Durante las dos semanas de actividades, los cursos tendr\u00e1n una duraci\u00f3n de cinco horas diarias, de lunes a viernes, de 8:00 de la ma\u00f1ana a 1:00 de la tarde, tiempo en el que las y los participantes conocer\u00e1n y practicar\u00e1n las 17 disciplinas deportivas.<\/p>\n<p>Previo al inicio del campamento, se llevar\u00e1n a cabo capacitaciones para el personal responsable de la operatividad y log\u00edstica de las actividades deportivas, incluyendo coordinadores de unidades deportivas, auxiliares, entrenadoras y entrenadores (internos y externos), as\u00ed como gu\u00edas.<\/p>\n","protected":false},"excerpt":{"rendered":"<p>Hermosillo, Sonora; 25 de junio de 2025.- Con el prop\u00f3sito de fomentar la actividad f\u00edsica, la sana convivencia y el desarrollo integral de ni\u00f1as, ni\u00f1os y adolescentes sonorense durante el periodo vacacional, el Gobierno de Sonora invita al Campamento de Verano Codeson 2025, que se llevar\u00e1 a cabo del 7 al 18 de julio en [&hellip;]<\/p>\n","protected":false},"author":2,"featured_media":222777,"comment_status":"closed","ping_status":"closed","sticky":false,"template":"","format":"standard","meta":{"footnotes":""},"categories":[188,12870],"tags":[5231,12865],"class_list":["post-222776","post","type-post","status-publish","format-standard","has-post-thumbnail","hentry","category-deportes","category-destacadas","tag-deportes","tag-destacadas"],"jetpack_featured_media_url":"https:\/\/rnoticias.com.mx\/Portal\/wp-content\/uploads\/2025\/06\/unnamed-120.jpg","amp_enabled":true,"_links":{"self":[{"href":"https:\/\/rnoticias.com.mx\/Portal\/wp-json\/wp\/v2\/posts\/222776","targetHints":{"allow":["GET"]}}],"collection":[{"href":"https:\/\/rnoticias.com.mx\/Portal\/wp-json\/wp\/v2\/posts"}],"about":[{"href":"https:\/\/rnoticias.com.mx\/Portal\/wp-json\/wp\/v2\/types\/post"}],"author":[{"embeddable":true,"href":"https:\/\/rnoticias.com.mx\/Portal\/wp-json\/wp\/v2\/users\/2"}],"replies":[{"embeddable":true,"href":"https:\/\/rnoticias.com.mx\/Portal\/wp-json\/wp\/v2\/comments?post=222776"}],"version-history":[{"count":1,"href":"https:\/\/rnoticias.com.mx\/Portal\/wp-json\/wp\/v2\/posts\/222776\/revisions"}],"predecessor-version":[{"id":222778,"href":"https:\/\/rnoticias.com.mx\/Portal\/wp-json\/wp\/v2\/posts\/222776\/revisions\/222778"}],"wp:featuredmedia":[{"embeddable":true,"href":"https:\/\/rnoticias.com.mx\/Portal\/wp-json\/wp\/v2\/media\/222777"}],"wp:attachment":[{"href":"https:\/\/rnoticias.com.mx\/Portal\/wp-json\/wp\/v2\/media?parent=222776"}],"wp:term":[{"taxonomy":"category","embeddable":true,"href":"https:\/\/rnoticias.com.mx\/Portal\/wp-json\/wp\/v2\/categories?post=222776"},{"taxonomy":"post_tag","embeddable":true,"href":"https:\/\/rnoticias.com.mx\/Portal\/wp-json\/wp\/v2\/tags?post=222776"}],"curies":[{"name":"wp","href":"https:\/\/api.w.org\/{rel}","templated":true}]}}