{"id":222773,"date":"2025-06-26T09:52:21","date_gmt":"2025-06-26T16:52:21","guid":{"rendered":"https:\/\/rnoticias.com.mx\/Portal\/?p=222773"},"modified":"2025-06-26T09:52:21","modified_gmt":"2025-06-26T16:52:21","slug":"secretaria-de-mujeres-celebra-fallo-de-scjn-contra-luis-de-llano","status":"publish","type":"post","link":"https:\/\/rnoticias.com.mx\/Portal\/2025\/06\/26\/secretaria-de-mujeres-celebra-fallo-de-scjn-contra-luis-de-llano\/","title":{"rendered":"Secretar\u00eda de Mujeres celebra fallo de SCJN contra Luis de Llano"},"content":{"rendered":"<p>La\u00a0<strong>Secretar\u00eda de Mujeres<\/strong>\u00a0celebr\u00f3 el fallo de la Suprema Corte de Justicia (SCJN) a favor de la cantante Sasha Sokol contra el productor televisivo Luis de Llano Macedo, por abuso sexual.<\/p>\n<p>Por medio de su cuenta de X, la\u00a0<strong>Secretar\u00eda\u00a0<\/strong>reconoci\u00f3 la valent\u00eda de la cantante al haber denunciado a De Llano Macedo.<\/p>\n<p>Afirm\u00f3 que este fallo sienta un precedente de que los delitos de violencia sexual en la infancia y adolescencia no prescriben.<\/p>\n<h2 class=\"wp-block-heading\">SCJN rechaza amparar a productor Luis de Llano por caso de Sasha Sokol<\/h2>\n<p>El pasado mi\u00e9rcoles\u00a0<strong>25 de junio<\/strong>\u00a0la SCJN ratific\u00f3 la condena civil que se le impuso al productor Luis de Llano por abuso sexual contra Sasha Sokol, con quien tuvo una relaci\u00f3n cuando ella era menor de edad.<\/p>\n<p>Por unanimidad de votos, la\u00a0<strong>Primera Sala\u00a0<\/strong>rechaz\u00f3 amparar al productor televisivo contra la sentencia que un juez civil dict\u00f3 en 2023, en la que se le conden\u00f3 a otorgar una compensaci\u00f3n econ\u00f3mica a la cantante, a no volver a mencionar su nombre y a una disculpa p\u00fablica.<\/p>\n<p>&nbsp;<\/p>\n<p>El Universal<\/p>\n","protected":false},"excerpt":{"rendered":"<p>La\u00a0Secretar\u00eda de Mujeres\u00a0celebr\u00f3 el fallo de la Suprema Corte de Justicia (SCJN) a favor de la cantante Sasha Sokol contra el productor televisivo Luis de Llano Macedo, por abuso sexual. Por medio de su cuenta de X, la\u00a0Secretar\u00eda\u00a0reconoci\u00f3 la valent\u00eda de la cantante al haber denunciado a De Llano Macedo. Afirm\u00f3 que este fallo sienta [&hellip;]<\/p>\n","protected":false},"author":2,"featured_media":222774,"comment_status":"closed","ping_status":"closed","sticky":false,"template":"","format":"standard","meta":{"footnotes":""},"categories":[12870,172],"tags":[12865,12874],"class_list":["post-222773","post","type-post","status-publish","format-standard","has-post-thumbnail","hentry","category-destacadas","category-nacional","tag-destacadas","tag-nacional"],"jetpack_featured_media_url":"https:\/\/rnoticias.com.mx\/Portal\/wp-content\/uploads\/2025\/06\/captura-de-pantalla-2025-06-19-213238-aa9c6392.png","amp_enabled":true,"_links":{"self":[{"href":"https:\/\/rnoticias.com.mx\/Portal\/wp-json\/wp\/v2\/posts\/222773","targetHints":{"allow":["GET"]}}],"collection":[{"href":"https:\/\/rnoticias.com.mx\/Portal\/wp-json\/wp\/v2\/posts"}],"about":[{"href":"https:\/\/rnoticias.com.mx\/Portal\/wp-json\/wp\/v2\/types\/post"}],"author":[{"embeddable":true,"href":"https:\/\/rnoticias.com.mx\/Portal\/wp-json\/wp\/v2\/users\/2"}],"replies":[{"embeddable":true,"href":"https:\/\/rnoticias.com.mx\/Portal\/wp-json\/wp\/v2\/comments?post=222773"}],"version-history":[{"count":1,"href":"https:\/\/rnoticias.com.mx\/Portal\/wp-json\/wp\/v2\/posts\/222773\/revisions"}],"predecessor-version":[{"id":222775,"href":"https:\/\/rnoticias.com.mx\/Portal\/wp-json\/wp\/v2\/posts\/222773\/revisions\/222775"}],"wp:featuredmedia":[{"embeddable":true,"href":"https:\/\/rnoticias.com.mx\/Portal\/wp-json\/wp\/v2\/media\/222774"}],"wp:attachment":[{"href":"https:\/\/rnoticias.com.mx\/Portal\/wp-json\/wp\/v2\/media?parent=222773"}],"wp:term":[{"taxonomy":"category","embeddable":true,"href":"https:\/\/rnoticias.com.mx\/Portal\/wp-json\/wp\/v2\/categories?post=222773"},{"taxonomy":"post_tag","embeddable":true,"href":"https:\/\/rnoticias.com.mx\/Portal\/wp-json\/wp\/v2\/tags?post=222773"}],"curies":[{"name":"wp","href":"https:\/\/api.w.org\/{rel}","templated":true}]}}