{"id":222761,"date":"2025-06-26T09:47:15","date_gmt":"2025-06-26T16:47:15","guid":{"rendered":"https:\/\/rnoticias.com.mx\/Portal\/?p=222761"},"modified":"2025-06-26T09:47:15","modified_gmt":"2025-06-26T16:47:15","slug":"amnistia-internacional-pide-al-congreso-no-aprobar-reformas-a-la-guardia-nacional","status":"publish","type":"post","link":"https:\/\/rnoticias.com.mx\/Portal\/2025\/06\/26\/amnistia-internacional-pide-al-congreso-no-aprobar-reformas-a-la-guardia-nacional\/","title":{"rendered":"Amnist\u00eda Internacional pide al Congreso no aprobar reformas a la Guardia Nacional"},"content":{"rendered":"<p>Amnist\u00eda Internacional (AI) lament\u00f3 la aprobaci\u00f3n de reformas a leyes que regulan la Guardia Nacional (GN), ocurrida este martes en la C\u00e1mara de Diputados, y llam\u00f3 al Congreso a no aprobar esta legislaci\u00f3n.<\/p>\n<div class=\"jeg_ad jeg_ad_article jnews_content_inline_ads  \"><\/div>\n<p>En un comunicado difundido este mi\u00e9rcoles, AI dijo que esta reforma es \u201cpreocupante porque faculta a la GN para que realice labores de inteligencia en temas de seguridad p\u00fablica\u201d.<\/p>\n<p>El martes, los diputados aprobaron, en lo general y en lo particular con cambios, el dictamen por el que se expide esta nueva ley de la GN, una fuerza de seguridad p\u00fablica, de car\u00e1cter permanente e integrada por personal militar con formaci\u00f3n policial dependiente de la Secretar\u00eda de la Defensa Nacional (Defensa).<\/p>\n<p>Previamente, el Gobierno de M\u00e9xico present\u00f3 por la ma\u00f1ana una serie de reformas en materia de seguridad que ser\u00edan enviadas al Congreso, entre las que se contemplan una a la Guardia Nacional, la creaci\u00f3n de una ley para el Sistema Nacional de Investigaci\u00f3n e Inteligencia y al Sistema Nacional de Seguridad P\u00fablica.<\/p>\n<p>Sobre las reformas a la Guardia Nacional, Ernestina Godoy, consejera jur\u00eddica de la Presidencia, detall\u00f3 que la modificaci\u00f3n tiene como intenci\u00f3n definir a la instituci\u00f3n como una fuerza de seguridad p\u00fablica con grados y mandos equivalentes a los del Ej\u00e9rcito.<\/p>\n<p>Adem\u00e1s, se dispone la colaboraci\u00f3n de la Guardia Nacional con las instancias de seguridad p\u00fablica para \u201cgenerar, compartir y obtener informaci\u00f3n en materia de prevenci\u00f3n y persecuci\u00f3n de los delitos, siempre bajo la conducci\u00f3n y mando de la autoridad ministerial, como coadyuvantes tambi\u00e9n\u201d, dijo.<\/p>\n<p>En su texto, Amnist\u00eda Internacional dijo que la reforma \u201cposibilita que elementos de la GN puedan pedir licencia para ocupar cargos p\u00fablicos, con lo cual se corre el riesgo de que tomen control del rumbo del pa\u00eds\u201d.<\/p>\n<p>Adem\u00e1s, formaliza la adscripci\u00f3n de la GN a Defensa y su funcionamiento como Fuerza Armada, y en caso de delitos, podr\u00e1 tener contacto con la evidencia antes que el Ministerio P\u00fablico, \u201clo que aumenta el riesgo de manipulaci\u00f3n de pruebas y de encubrimiento de violaciones cometidas por elementos militares, fomentando la impunidad\u201d.<\/p>\n<p>Ante ello, AI llam\u00f3 al Congreso, C\u00e1maras de Diputados y Senadores \u201ca no aprobar esta reforma y analizarla a la luz de los derechos humanos\u201d.<\/p>\n<p>Las modificaciones a la Ley de la Guardia Nacional, que cuenta con 96 art\u00edculos y se organiza en siete t\u00edtulos, tiene como uno de sus prop\u00f3sitos \u201cregular los principios, organizaci\u00f3n, atribuciones, integraci\u00f3n, equivalencias jer\u00e1rquicas, as\u00ed como su coordinaci\u00f3n con las entidades federativas y las autoridades municipales\u201d.<\/p>\n<p>\u201cSu objeto es realizar la funci\u00f3n de seguridad p\u00fablica a cargo de la Federaci\u00f3n y, en su caso, conforme a los convenios que para tal efecto se celebren, colaborar temporalmente en las tareas de seguridad p\u00fablica que corresponden a las entidades federativas o municipios, con la finalidad de preservar la paz social y proteger los derechos de la poblaci\u00f3n\u201d, se\u00f1ala la reforma.<\/p>\n<p>Adem\u00e1s de realizar investigaci\u00f3n e inteligencia para la prevenci\u00f3n de los delitos y \u201crecabar informaci\u00f3n en lugares p\u00fablicos para evitar el fen\u00f3meno delictivo y se apunt\u00f3 que \u201clos datos obtenidos con afectaci\u00f3n a los derechos humanos carecer\u00e1n de todo valor probatorio\u201d.<\/p>\n<p>La actuaci\u00f3n de las Fuerzas Armadas en tareas de seguridad p\u00fablica han causado pol\u00e9mica en M\u00e9xico por afrontar acusaciones de ejecuciones extrajudiciales, desapariciones forzadas y uso desproporcionado de la fuerza.<\/p>\n","protected":false},"excerpt":{"rendered":"<p>Amnist\u00eda Internacional (AI) lament\u00f3 la aprobaci\u00f3n de reformas a leyes que regulan la Guardia Nacional (GN), ocurrida este martes en la C\u00e1mara de Diputados, y llam\u00f3 al Congreso a no aprobar esta legislaci\u00f3n. En un comunicado difundido este mi\u00e9rcoles, AI dijo que esta reforma es \u201cpreocupante porque faculta a la GN para que realice labores [&hellip;]<\/p>\n","protected":false},"author":2,"featured_media":222762,"comment_status":"closed","ping_status":"closed","sticky":false,"template":"","format":"standard","meta":{"footnotes":""},"categories":[12870,172],"tags":[12865,12874],"class_list":["post-222761","post","type-post","status-publish","format-standard","has-post-thumbnail","hentry","category-destacadas","category-nacional","tag-destacadas","tag-nacional"],"jetpack_featured_media_url":"https:\/\/rnoticias.com.mx\/Portal\/wp-content\/uploads\/2025\/06\/small_EH_UNA_FOTO_2025_06_25_T200744_098_ea43be139f.webp","amp_enabled":true,"_links":{"self":[{"href":"https:\/\/rnoticias.com.mx\/Portal\/wp-json\/wp\/v2\/posts\/222761","targetHints":{"allow":["GET"]}}],"collection":[{"href":"https:\/\/rnoticias.com.mx\/Portal\/wp-json\/wp\/v2\/posts"}],"about":[{"href":"https:\/\/rnoticias.com.mx\/Portal\/wp-json\/wp\/v2\/types\/post"}],"author":[{"embeddable":true,"href":"https:\/\/rnoticias.com.mx\/Portal\/wp-json\/wp\/v2\/users\/2"}],"replies":[{"embeddable":true,"href":"https:\/\/rnoticias.com.mx\/Portal\/wp-json\/wp\/v2\/comments?post=222761"}],"version-history":[{"count":1,"href":"https:\/\/rnoticias.com.mx\/Portal\/wp-json\/wp\/v2\/posts\/222761\/revisions"}],"predecessor-version":[{"id":222763,"href":"https:\/\/rnoticias.com.mx\/Portal\/wp-json\/wp\/v2\/posts\/222761\/revisions\/222763"}],"wp:featuredmedia":[{"embeddable":true,"href":"https:\/\/rnoticias.com.mx\/Portal\/wp-json\/wp\/v2\/media\/222762"}],"wp:attachment":[{"href":"https:\/\/rnoticias.com.mx\/Portal\/wp-json\/wp\/v2\/media?parent=222761"}],"wp:term":[{"taxonomy":"category","embeddable":true,"href":"https:\/\/rnoticias.com.mx\/Portal\/wp-json\/wp\/v2\/categories?post=222761"},{"taxonomy":"post_tag","embeddable":true,"href":"https:\/\/rnoticias.com.mx\/Portal\/wp-json\/wp\/v2\/tags?post=222761"}],"curies":[{"name":"wp","href":"https:\/\/api.w.org\/{rel}","templated":true}]}}