{"id":222755,"date":"2025-06-26T09:44:36","date_gmt":"2025-06-26T16:44:36","guid":{"rendered":"https:\/\/rnoticias.com.mx\/Portal\/?p=222755"},"modified":"2025-06-26T09:44:36","modified_gmt":"2025-06-26T16:44:36","slug":"casi-siete-de-cada-diez-migrantes-detenidos-en-los-angeles-no-tiene-antecedentes-penales","status":"publish","type":"post","link":"https:\/\/rnoticias.com.mx\/Portal\/2025\/06\/26\/casi-siete-de-cada-diez-migrantes-detenidos-en-los-angeles-no-tiene-antecedentes-penales\/","title":{"rendered":"Casi siete de cada diez migrantes detenidos en Los \u00c1ngeles no tiene antecedentes penales"},"content":{"rendered":"<p>Casi siete de cada diez detenidos en las redadas migratorias en Los \u00c1ngeles del 1 al 10 de junio no ten\u00edan antecedentes penales, lo que contradice las afirmaciones de la Casa Blanca de que su objetivo era detener a \u201cdelincuentes\u201d, seg\u00fan revel\u00f3 este mi\u00e9rcoles un an\u00e1lisis del peri\u00f3dico Los Angeles Times.<\/p>\n<div class=\"jeg_ad jeg_ad_article jnews_content_inline_ads  \"><\/div>\n<p>Alrededor de 722 personas fueron detenidas en la regi\u00f3n metropolitana de Los \u00c1ngeles en los diez primeros d\u00edas de junio, cuando las autoridades del Servicio de Control de Inmigraci\u00f3n y Aduanas (ICE) iniciaron las redadas, de acuerdo a las cifras obtenidas por el Proyecto de Datos de Deportaci\u00f3n de la Facultad de Derecho de la Universidad de California Berkeley.<\/p>\n<p>El rotativo angelino analiz\u00f3 las cifras y encontr\u00f3 que el 69% de los arrestados durante ese per\u00edodo por ICE no ten\u00eda antecedentes penales y el 58% nunca hab\u00eda sido acusado de ning\u00fan delito.<\/p>\n<p>Los datos contradicen al Departamento de Seguridad Nacional (DHS) que este martes dijo en un comunicado que desde el pasado 6 de junio ICE y la Oficina de Aduanas y Protecci\u00f3n Fronteriza (CBP) iniciaron una operaci\u00f3n \u201cpara expulsar a los peores delincuentes extranjeros ilegales\u201d.<\/p>\n<p>Por su parte, la subsecretaria del DHS Tricia McLaughlin advirti\u00f3 que las detenciones hacen parte de la promesa del presidente Donald Trump de asegurar la frontera expulsando a criminales, entre ellos narcotraficantes de Los \u00c1ngeles, sin aportar mayores datos.<\/p>\n<p>Al respecto, la alcaldesa de Los \u00c1ngeles, Karen Bass, dijo la semana pasada en una entrevista con la CNN que a pesar de que la Casa Blanca hab\u00eda dicho que iba a perseguir a delincuentes violentos, se hab\u00eda enfocado en trabajadores.<\/p>\n<p>\u201cNo era una guarida de narcos, era un Home Depot\u201d, dijo Bass cuestionando los espacios en los que se estaban llevando a cabo las redadas.<\/p>\n<p>A la cr\u00edtica de la alcaldesa dem\u00f3crata se unen la de activistas que han denunciado que las redadas se han centrado en trabajadores vulnerables y f\u00e1ciles de detener.<\/p>\n<p>El an\u00e1lisis de Los Angeles Times encontr\u00f3 que la edad promedio de los arrestados era de 38 a\u00f1os y que, en su mayor\u00eda, se trataba de hombres. Casi el 48 % eran mexicanos, el 16% guatemaltecos y el 8% salvadore\u00f1os.<\/p>\n","protected":false},"excerpt":{"rendered":"<p>Casi siete de cada diez detenidos en las redadas migratorias en Los \u00c1ngeles del 1 al 10 de junio no ten\u00edan antecedentes penales, lo que contradice las afirmaciones de la Casa Blanca de que su objetivo era detener a \u201cdelincuentes\u201d, seg\u00fan revel\u00f3 este mi\u00e9rcoles un an\u00e1lisis del peri\u00f3dico Los Angeles Times. Alrededor de 722 personas [&hellip;]<\/p>\n","protected":false},"author":2,"featured_media":222756,"comment_status":"closed","ping_status":"closed","sticky":false,"template":"","format":"standard","meta":{"footnotes":""},"categories":[12870,182],"tags":[12865,12871],"class_list":["post-222755","post","type-post","status-publish","format-standard","has-post-thumbnail","hentry","category-destacadas","category-internacional","tag-destacadas","tag-internacional"],"jetpack_featured_media_url":"https:\/\/rnoticias.com.mx\/Portal\/wp-content\/uploads\/2025\/06\/323.jpg","amp_enabled":true,"_links":{"self":[{"href":"https:\/\/rnoticias.com.mx\/Portal\/wp-json\/wp\/v2\/posts\/222755","targetHints":{"allow":["GET"]}}],"collection":[{"href":"https:\/\/rnoticias.com.mx\/Portal\/wp-json\/wp\/v2\/posts"}],"about":[{"href":"https:\/\/rnoticias.com.mx\/Portal\/wp-json\/wp\/v2\/types\/post"}],"author":[{"embeddable":true,"href":"https:\/\/rnoticias.com.mx\/Portal\/wp-json\/wp\/v2\/users\/2"}],"replies":[{"embeddable":true,"href":"https:\/\/rnoticias.com.mx\/Portal\/wp-json\/wp\/v2\/comments?post=222755"}],"version-history":[{"count":1,"href":"https:\/\/rnoticias.com.mx\/Portal\/wp-json\/wp\/v2\/posts\/222755\/revisions"}],"predecessor-version":[{"id":222757,"href":"https:\/\/rnoticias.com.mx\/Portal\/wp-json\/wp\/v2\/posts\/222755\/revisions\/222757"}],"wp:featuredmedia":[{"embeddable":true,"href":"https:\/\/rnoticias.com.mx\/Portal\/wp-json\/wp\/v2\/media\/222756"}],"wp:attachment":[{"href":"https:\/\/rnoticias.com.mx\/Portal\/wp-json\/wp\/v2\/media?parent=222755"}],"wp:term":[{"taxonomy":"category","embeddable":true,"href":"https:\/\/rnoticias.com.mx\/Portal\/wp-json\/wp\/v2\/categories?post=222755"},{"taxonomy":"post_tag","embeddable":true,"href":"https:\/\/rnoticias.com.mx\/Portal\/wp-json\/wp\/v2\/tags?post=222755"}],"curies":[{"name":"wp","href":"https:\/\/api.w.org\/{rel}","templated":true}]}}