{"id":222752,"date":"2025-06-26T09:42:25","date_gmt":"2025-06-26T16:42:25","guid":{"rendered":"https:\/\/rnoticias.com.mx\/Portal\/?p=222752"},"modified":"2025-06-26T09:42:25","modified_gmt":"2025-06-26T16:42:25","slug":"sasha-sokol-reacciona-a-decision-de-la-corte-contra-luis-de-llano-por-abuso-sexual-abre-la-via-para-otras-victimas","status":"publish","type":"post","link":"https:\/\/rnoticias.com.mx\/Portal\/2025\/06\/26\/sasha-sokol-reacciona-a-decision-de-la-corte-contra-luis-de-llano-por-abuso-sexual-abre-la-via-para-otras-victimas\/","title":{"rendered":"Sasha Sokol reacciona a decisi\u00f3n de la Corte contra Luis de Llano por abuso sexual: \u201cAbre la v\u00eda para otras v\u00edctimas\u201d"},"content":{"rendered":"<p class=\"paragraph\" data-mrf-recirculation=\"Links inline\"><b>La Suprema Corte de Justicia de la Naci\u00f3n\u00a0<\/b>rechaz\u00f3 por unanimidad el amparo solicitado por el productor\u00a0<b>Luis de Llano Macedo<\/b>, confirmando la condena civil en su contra tras la demanda presentada por la actriz y cantante\u00a0<b>Sasha Sokol.<\/b><\/p>\n<p class=\"paragraph\" data-mrf-recirculation=\"Links inline\">Esta decisi\u00f3n, tomada por los ministros de la Suprema Corte, ratifica la sentencia dictada por la S\u00e9ptima Sala Civil del Tribunal Superior de Justicia de la Ciudad de M\u00e9xico el 26 de septiembre de 2023.<\/p>\n<div class=\"inline ad-wrapper\">\n<div class=\"dfpAd ad-inline\"><\/div>\n<\/div>\n<p class=\"paragraph\" data-mrf-recirculation=\"Links inline\">El fallo no solo representa un triunfo personal para Sasha Sokol, sino que establece un precedente legal de gran alcance:\u00a0<b>a partir de ahora, las v\u00edctimas de abuso sexual infantil en M\u00e9xico podr\u00e1n demandar por la v\u00eda civil<\/b> sin que exista un plazo de prescripci\u00f3n.<\/p>\n<p class=\"paragraph\" data-mrf-recirculation=\"Links inline\">El caso de Sasha Sokol y Luis de Llano ha ocupado un lugar central en la conversaci\u00f3n p\u00fablica sobre abuso sexual y acceso a la justicia en M\u00e9xico.<\/p>\n<div class=\"visual__image\">El fallo de la Suprema Corte establece que las v\u00edctimas de abuso sexual infantil en M\u00e9xico podr\u00e1n demandar por la v\u00eda civil sin plazo de prescripci\u00f3n (Foto: Captura de pantalla YouTube \/ Ventaneando)<\/div>\n<div class=\"inline_2_DSK ad-wrapper ad-desktop\">\n<div class=\"dfpAd ad-inline\"><\/div>\n<\/div>\n<p class=\"paragraph\" data-mrf-recirculation=\"Links inline\">Sasha Sokol, exintegrante del grupo\u00a0<b>Timbiriche<\/b>, denunci\u00f3 p\u00fablicamente a Luis de Llano por abuso sexual ocurrido cuando ella ten\u00eda solo 14 a\u00f1os.<\/p>\n<p class=\"paragraph\" data-mrf-recirculation=\"Links inline\">Desde que la artista decidi\u00f3 hablar abiertamente sobre lo sucedido, ha recibido un amplio respaldo en redes sociales y de la opini\u00f3n p\u00fablica. El d\u00eda de la resoluci\u00f3n, Sokol comparti\u00f3 a trav\u00e9s de sus canales oficiales un enlace para que sus seguidores pudieran seguir la sesi\u00f3n de la Primera Sala de la Suprema Corte en tiempo real.<\/p>\n<p class=\"paragraph\" data-mrf-recirculation=\"Links inline\">Los mensajes de apoyo no tardaron en llegar: \u201cGracias por sentar un precedente para muchas v\u00edctimas de abuso sexual\u201d, \u201cBuscar la justicia siempre ser\u00e1 el camino\u201d y \u201cTodo para bien tuyo y de otras v\u00edctimas\u201d fueron algunos de los comentarios que inundaron sus redes.<\/p>\n<p class=\"paragraph\" data-mrf-recirculation=\"Links inline\">El proceso judicial alcanz\u00f3 un punto clave el 19 de junio, cuando el ministro Jorge Mario Pardo Rebolledo present\u00f3 ante la Primera Sala de la Corte una propuesta para ratificar la condena civil impuesta a Luis de Llano.<\/p>\n<p class=\"paragraph\" data-mrf-recirculation=\"Links inline\">En su exposici\u00f3n, el ministro explic\u00f3:\u00a0<b>\u201cSe determina que cualquier t\u00e9rmino de prescripci\u00f3n vulnerar\u00eda los derechos de acceso a la justicia de las personas que sufrieron violencia sexual cuando eran menores de edad\u201d<\/b>.<\/p>\n<p class=\"paragraph\" data-mrf-recirculation=\"Links inline\">A\u00f1adi\u00f3 que establecer un plazo de prescripci\u00f3n tambi\u00e9n afectar\u00eda el derecho a la libertad y seguridad sexual, a vivir una vida libre de violencia y a la integridad personal. Por ello, la Suprema Corte resolvi\u00f3 que en estos casos no debe correr la prescripci\u00f3n, abriendo as\u00ed la puerta a que otras v\u00edctimas puedan buscar justicia sin importar el tiempo transcurrido desde los hechos.<\/p>\n<p class=\"paragraph\" data-mrf-recirculation=\"Links inline\">Sasha Sokol, de 55 a\u00f1os, celebr\u00f3 p\u00fablicamente la decisi\u00f3n de la Suprema Corte. En un mensaje difundido en su cuenta de Instagram, la artista subray\u00f3 el impacto que el fallo tendr\u00e1 para otras v\u00edctimas:<\/p>\n<p class=\"paragraph\" data-mrf-recirculation=\"Links inline\"><b>\u201cNinguna sentencia, por s\u00ed sola, tiene la capacidad de reparar tanto da\u00f1o, pero valoro profundamente que el proyecto del Ministro Jorge Pardo Rebolledo valide el proceso que vivimos las v\u00edctimas\u201d<\/b>.<\/p>\n<p class=\"paragraph\" data-mrf-recirculation=\"Links inline\">\u201cEsta sentencia trasciende por mucho mi caso personal y abre la v\u00eda del juicio civil para otras v\u00edctimas, ya que la Primera Sala de la SCJN ha declarado la imprescriptibilidad de la acci\u00f3n civil en casos de abuso sexual de menores\u201d, escribi\u00f3.<\/p>\n<p class=\"paragraph\" data-mrf-recirculation=\"Links inline\">Sokol relat\u00f3 que, al momento de los hechos, carec\u00eda de las herramientas necesarias para comprender lo que suced\u00eda y defenderse. Ahora, tras a\u00f1os de lucha, afirma haber recuperado el control sobre su vida:\u00a0<b>\u201cHoy tengo en mis manos las riendas de mi vida y puedo cuidarme\u201d<\/b>.<\/p>\n<p class=\"paragraph\" data-mrf-recirculation=\"Links inline\">La sentencia contra Luis de Llano incluye varias medidas: el productor deber\u00e1 ofrecer una disculpa p\u00fablica, tomar un curso especializado en prevenci\u00f3n de conductas de abuso sexual, abstenerse de mencionar el nombre de Sasha Sokol y reparar el da\u00f1o mediante una compensaci\u00f3n econ\u00f3mica.<\/p>\n<p class=\"paragraph\" data-mrf-recirculation=\"Links inline\">Sokol anunci\u00f3 que cualquier indemnizaci\u00f3n recibida ser\u00e1 donada \u00edntegramente a ADIVAC, una organizaci\u00f3n civil dedicada a la prevenci\u00f3n y combate del abuso sexual infantil.<\/p>\n<div class=\"undefined ad-wrapper\">\n<div class=\"dfpAd \">\n<div id=\"infobae\/mexico\/nota\/undefined\" class=\"infobae\/mexico\/nota\/undefined arcad\"><\/div>\n<\/div>\n<\/div>\n<p class=\"paragraph\" data-mrf-recirculation=\"Links inline\">El fallo de la Suprema Corte tambi\u00e9n se apoya en un an\u00e1lisis profundo sobre las dificultades que enfrentan las v\u00edctimas de abuso sexual infantil para denunciar.<\/p>\n<p class=\"paragraph\" data-mrf-recirculation=\"Links inline\">El proyecto del ministro Jorge Pardo Rebolledo reconoce que muchas v\u00edctimas tardan a\u00f1os en asimilar los hechos, identificar plenamente su car\u00e1cter de v\u00edctimas y reunir el valor necesario para acudir a las instancias judiciales.<\/p>\n<p class=\"paragraph\" data-mrf-recirculation=\"Links inline\">En palabras del propio proyecto:\u00a0<b>\u201c\u2026en casos de abuso sexual en contra de menores existen tres problemas para efectos de la prescripci\u00f3n\u2026<\/b>: (i) el paso del tiempo necesario para que la v\u00edctima asimile los hechos e identifique plenamente su car\u00e1cter de v\u00edctima; (ii) el paso del tiempo para entender que determinados da\u00f1os fueron causados por la violencia sexual; y (iii) la lucha interna que existe en las y los sobrevivientes para tomar valor y acudir a las instancias judiciales\u2026\u201d.<\/p>\n<p class=\"paragraph\" data-mrf-recirculation=\"Links inline\">Sasha Sokol ha sido enf\u00e1tica al se\u00f1alar que el abuso no solo consisti\u00f3 en la relaci\u00f3n sexual, sino tambi\u00e9n en la manipulaci\u00f3n de la verdad por parte de Luis de Llano.<\/p>\n<p class=\"paragraph\" data-mrf-recirculation=\"Links inline\">El productor intent\u00f3 justificar sus actos con declaraciones falsas sobre el consentimiento de los padres de Sokol y minti\u00f3 ante el juzgado al afirmar que la relaci\u00f3n nunca existi\u00f3, atribuy\u00e9ndola a \u201cla mente de una ni\u00f1a fantasiosa\u201d. La justicia, sin embargo, lo conden\u00f3 tanto por el abuso sexual como por el da\u00f1o moral causado.<\/p>\n","protected":false},"excerpt":{"rendered":"<p>La Suprema Corte de Justicia de la Naci\u00f3n\u00a0rechaz\u00f3 por unanimidad el amparo solicitado por el productor\u00a0Luis de Llano Macedo, confirmando la condena civil en su contra tras la demanda presentada por la actriz y cantante\u00a0Sasha Sokol. Esta decisi\u00f3n, tomada por los ministros de la Suprema Corte, ratifica la sentencia dictada por la S\u00e9ptima Sala Civil [&hellip;]<\/p>\n","protected":false},"author":2,"featured_media":222753,"comment_status":"closed","ping_status":"closed","sticky":false,"template":"","format":"standard","meta":{"footnotes":""},"categories":[12870,219],"tags":[12865,12875],"class_list":["post-222752","post","type-post","status-publish","format-standard","has-post-thumbnail","hentry","category-destacadas","category-espectaculos","tag-destacadas","tag-espectaculos"],"jetpack_featured_media_url":"https:\/\/rnoticias.com.mx\/Portal\/wp-content\/uploads\/2025\/06\/f776x436-656825_705176_5317.webp","amp_enabled":true,"_links":{"self":[{"href":"https:\/\/rnoticias.com.mx\/Portal\/wp-json\/wp\/v2\/posts\/222752","targetHints":{"allow":["GET"]}}],"collection":[{"href":"https:\/\/rnoticias.com.mx\/Portal\/wp-json\/wp\/v2\/posts"}],"about":[{"href":"https:\/\/rnoticias.com.mx\/Portal\/wp-json\/wp\/v2\/types\/post"}],"author":[{"embeddable":true,"href":"https:\/\/rnoticias.com.mx\/Portal\/wp-json\/wp\/v2\/users\/2"}],"replies":[{"embeddable":true,"href":"https:\/\/rnoticias.com.mx\/Portal\/wp-json\/wp\/v2\/comments?post=222752"}],"version-history":[{"count":1,"href":"https:\/\/rnoticias.com.mx\/Portal\/wp-json\/wp\/v2\/posts\/222752\/revisions"}],"predecessor-version":[{"id":222754,"href":"https:\/\/rnoticias.com.mx\/Portal\/wp-json\/wp\/v2\/posts\/222752\/revisions\/222754"}],"wp:featuredmedia":[{"embeddable":true,"href":"https:\/\/rnoticias.com.mx\/Portal\/wp-json\/wp\/v2\/media\/222753"}],"wp:attachment":[{"href":"https:\/\/rnoticias.com.mx\/Portal\/wp-json\/wp\/v2\/media?parent=222752"}],"wp:term":[{"taxonomy":"category","embeddable":true,"href":"https:\/\/rnoticias.com.mx\/Portal\/wp-json\/wp\/v2\/categories?post=222752"},{"taxonomy":"post_tag","embeddable":true,"href":"https:\/\/rnoticias.com.mx\/Portal\/wp-json\/wp\/v2\/tags?post=222752"}],"curies":[{"name":"wp","href":"https:\/\/api.w.org\/{rel}","templated":true}]}}