{"id":222749,"date":"2025-06-26T09:39:52","date_gmt":"2025-06-26T16:39:52","guid":{"rendered":"https:\/\/rnoticias.com.mx\/Portal\/?p=222749"},"modified":"2025-06-26T09:39:52","modified_gmt":"2025-06-26T16:39:52","slug":"impulsa-gobierno-de-sonora-a-la-segunda-generacion-de-talento-sonorense-rumbo-a-taiwan","status":"publish","type":"post","link":"https:\/\/rnoticias.com.mx\/Portal\/2025\/06\/26\/impulsa-gobierno-de-sonora-a-la-segunda-generacion-de-talento-sonorense-rumbo-a-taiwan\/","title":{"rendered":"Impulsa Gobierno de Sonora a la segunda generaci\u00f3n de talento sonorense rumbo a Taiw\u00e1n"},"content":{"rendered":"<p>Hermosillo, Sonora; 26 de junio de 2025.- El Gobierno de Sonora, a trav\u00e9s del Consejo para el Desarrollo Sostenible (Codeso), coordina la segunda generaci\u00f3n del programa de movilidad acad\u00e9mica a Taiw\u00e1n, como parte del eje de Talento Humano del Plan Sonora de Energ\u00edas Sostenibles. Treinta j\u00f3venes sonorenses fueron seleccionados para integrarse a este programa, que ofrece becas del 100 por ciento.<\/p>\n<p>Con el objetivo de fortalecer el talento humano en sectores estrat\u00e9gicos como semiconductores, energ\u00eda y automatizaci\u00f3n, el gobernador Alfonso Durazo impulsa programas de formaci\u00f3n internacional que preparan a las juventudes para liderar el desarrollo econ\u00f3mico y sostenible del estado.<\/p>\n<p>Esta segunda generaci\u00f3n est\u00e1 conformada por 12 mujeres y 18 hombres provenientes de 15 instituciones de educaci\u00f3n superior en todo el estado, entre ellas:<\/p>\n<p>&#8211; Universidad de Sonora (campus Hermosillo y Navojoa)<\/p>\n<p>&#8211; UniSierra<\/p>\n<p>&#8211; Unikino<\/p>\n<p>&#8211; Universidad Estatal de Sonora<\/p>\n<p>&#8211; Instituto Tecnol\u00f3gico de Sonora<\/p>\n<p>&#8211; Instituto Tecnol\u00f3gico y de Estudios Superiores de Monterrey<\/p>\n<p>&#8211; Institutos Tecnol\u00f3gicos de Hermosillo y Nogales<\/p>\n<p>&#8211; Institutos Tecnol\u00f3gicos Superiores de Cajeme y Cananea<\/p>\n<p>&#8211; Universidades Tecnol\u00f3gicas de Hermosillo, Guaymas, Nogales y San Luis R\u00edo Colorado<\/p>\n<p>Las y los seleccionados se sometieron a un proceso de evaluaci\u00f3n riguroso, basado en m\u00e9rito acad\u00e9mico, que incluy\u00f3 an\u00e1lisis de historial escolar, nivel de ingl\u00e9s, ensayos, entrevistas y pruebas psicom\u00e9tricas. Actualmente, est\u00e1n por iniciar una etapa de capacitaci\u00f3n previa a su viaje, programado para septiembre.<\/p>\n<p>La segunda generaci\u00f3n est\u00e1 integrada por:<\/p>\n<p>Jes\u00fas Daniel S\u00e1nchez L\u00f3pez, Fernando Llandel Garc\u00eda, Francisco Alejandro Silva Conckle, V\u00edctor Manuel Osornio Monta\u00f1o, Fabiana Leyva Mart\u00ednez, Llanira Raquel Alvarado Ruiz, Morelia Montoya Alfaro, Andrea Bel\u00e9n B\u00f3rquez G\u00e1lvez, Sebasti\u00e1n Mart\u00ednez Navarro, Rub\u00e9n Alonso Salas Romero, Christian Sebasti\u00e1n Preciado Parra, Iv\u00e1n Andr\u00e9s L\u00f3pez Romero, Alan Romo Covarrubias, Alison Guadalupe L\u00f3pez L\u00f3pez, Javier Roberto Angulo Quijada, Mirka Ariana Gonz\u00e1lez Rasc\u00f3n, Brisa Alejandra Palafox Ayala, Jonathan Alexis Fraire G\u00e1mez, Alma Rub\u00ed Castro Lucero, Christian Figueroa Delgado, Edith Estrella Ochoa Ramos, Guillermo Ernesto Portillo Sep\u00falveda, Magda Paola Ram\u00edrez Escalante, Jes\u00fas Fernando Le\u00f3n Rodr\u00edguez, Lizbeth Guadalupe Flores Tirado, C\u00e9sar Eduardo Ca\u00f1edo Daniel, Ximena Yuneth Garc\u00eda Durazo, Jos\u00e9 Alejandro L\u00f3pez Garc\u00eda, Jorge Iv\u00e1n Coronado Villegas y C\u00e9sar Mart\u00edn Rodr\u00edguez Valdez.<\/p>\n<p>Este intercambio representa una inversi\u00f3n directa en el futuro de Sonora, al preparar perfiles profesionales altamente especializados que podr\u00e1n integrarse a los proyectos estrat\u00e9gicos de innovaci\u00f3n, sustentabilidad y competitividad que impulsa el Gobierno de Sonora.<\/p>\n","protected":false},"excerpt":{"rendered":"<p>Hermosillo, Sonora; 26 de junio de 2025.- El Gobierno de Sonora, a trav\u00e9s del Consejo para el Desarrollo Sostenible (Codeso), coordina la segunda generaci\u00f3n del programa de movilidad acad\u00e9mica a Taiw\u00e1n, como parte del eje de Talento Humano del Plan Sonora de Energ\u00edas Sostenibles. Treinta j\u00f3venes sonorenses fueron seleccionados para integrarse a este programa, que [&hellip;]<\/p>\n","protected":false},"author":2,"featured_media":222750,"comment_status":"closed","ping_status":"closed","sticky":false,"template":"","format":"standard","meta":{"footnotes":""},"categories":[12870,178],"tags":[12865,12869],"class_list":["post-222749","post","type-post","status-publish","format-standard","has-post-thumbnail","hentry","category-destacadas","category-local","tag-destacadas","tag-local"],"jetpack_featured_media_url":"https:\/\/rnoticias.com.mx\/Portal\/wp-content\/uploads\/2025\/06\/unnamed-1-65.jpg","amp_enabled":true,"_links":{"self":[{"href":"https:\/\/rnoticias.com.mx\/Portal\/wp-json\/wp\/v2\/posts\/222749","targetHints":{"allow":["GET"]}}],"collection":[{"href":"https:\/\/rnoticias.com.mx\/Portal\/wp-json\/wp\/v2\/posts"}],"about":[{"href":"https:\/\/rnoticias.com.mx\/Portal\/wp-json\/wp\/v2\/types\/post"}],"author":[{"embeddable":true,"href":"https:\/\/rnoticias.com.mx\/Portal\/wp-json\/wp\/v2\/users\/2"}],"replies":[{"embeddable":true,"href":"https:\/\/rnoticias.com.mx\/Portal\/wp-json\/wp\/v2\/comments?post=222749"}],"version-history":[{"count":1,"href":"https:\/\/rnoticias.com.mx\/Portal\/wp-json\/wp\/v2\/posts\/222749\/revisions"}],"predecessor-version":[{"id":222751,"href":"https:\/\/rnoticias.com.mx\/Portal\/wp-json\/wp\/v2\/posts\/222749\/revisions\/222751"}],"wp:featuredmedia":[{"embeddable":true,"href":"https:\/\/rnoticias.com.mx\/Portal\/wp-json\/wp\/v2\/media\/222750"}],"wp:attachment":[{"href":"https:\/\/rnoticias.com.mx\/Portal\/wp-json\/wp\/v2\/media?parent=222749"}],"wp:term":[{"taxonomy":"category","embeddable":true,"href":"https:\/\/rnoticias.com.mx\/Portal\/wp-json\/wp\/v2\/categories?post=222749"},{"taxonomy":"post_tag","embeddable":true,"href":"https:\/\/rnoticias.com.mx\/Portal\/wp-json\/wp\/v2\/tags?post=222749"}],"curies":[{"name":"wp","href":"https:\/\/api.w.org\/{rel}","templated":true}]}}