{"id":222746,"date":"2025-06-26T09:33:23","date_gmt":"2025-06-26T16:33:23","guid":{"rendered":"https:\/\/rnoticias.com.mx\/Portal\/?p=222746"},"modified":"2025-06-26T09:33:23","modified_gmt":"2025-06-26T16:33:23","slug":"muere-homero-de-leon-fundador-de-los-invasores-de-nuevo-leon","status":"publish","type":"post","link":"https:\/\/rnoticias.com.mx\/Portal\/2025\/06\/26\/muere-homero-de-leon-fundador-de-los-invasores-de-nuevo-leon\/","title":{"rendered":"Muere Homero de Le\u00f3n, fundador de Los Invasores de Nuevo Le\u00f3n"},"content":{"rendered":"<p>El Universal<\/p>\n<p>&nbsp;<\/p>\n<p>El cantante y m\u00fasico Homero de Le\u00f3n, fundador y bajista de Los Invasores de Nuevo Le\u00f3n, falleci\u00f3 a los 66 a\u00f1os, la noticia se dio a conocer en rede sociales, donde lo despidieron familiares, colegas y el p\u00fablico.<\/p>\n<p>Su amigo y compa\u00f1ero, Isa\u00edas Lucero, revel\u00f3 que Homero falleci\u00f3 tras complicaciones de salud, luego de estar hospitalizado por varios d\u00edas.<\/p>\n<p>Form\u00f3 parte del emblem\u00e1tico grupo junto a Lalo Mora y Javier R\u00edos por m\u00e1s de 30 a\u00f1os, en sus \u00faltimos a\u00f1os particip\u00f3 en el proyecto\u00a0<strong><em>\u201cNorte\u00f1os Cl\u00e1sicos Tour\u201d.<\/em><\/strong><\/p>\n<div id=\"eldia-1404132137\" class=\"eldia-contenido eldia-target\" data-eldia-trackid=\"1573641\" data-eldia-trackbid=\"1\"><\/div>\n<div id=\"eldia-3670915958\" class=\"eldia-contenido-2 eldia-target\" data-eldia-trackid=\"1765657\" data-eldia-trackbid=\"1\"><\/div>\n<p>La agrupaci\u00f3n de regional mexicano lament\u00f3 el deceso:<\/p>\n<p><strong><em>\u201cQue en paz descanse, Homero de Le\u00f3n. Con profundo pesar lamentamos el fallecimiento de uno de los fundadores del legendario grupo Los invasores de Nuevo Le\u00f3n. Hoy despedimos no solo a un gran m\u00fasico tambi\u00e9n a un gran amigo y compa\u00f1ero, su talento pasi\u00f3n entrega por la m\u00fasica ser\u00e1n recordados con cari\u00f1o y gratitud por siempre. Hoy, la m\u00fasica norte\u00f1a pierde a uno de los grandes, Juan Homero de Le\u00f3n Mart\u00ednez<\/em><\/strong>\u201c, se lee.<\/p>\n<p>Homero, el hijo del cantante tambi\u00e9n se despidi\u00f3 de su padre con unas palabras de amor y una entra\u00f1able fotograf\u00eda.<\/p>\n<div class=\"stream-item stream-item-in-post stream-item-inline-post aligncenter\">\n<div class=\"stream-item-size\"><\/div>\n<\/div>\n<p><strong><em>\u201cHomero De Le\u00f3n padre m\u00edo.. gracias por darme tantas ense\u00f1anzas, amor, y cari\u00f1o. Fuiste la persona m\u00e1s buena que haya conocido.. fuste bueno con el mundo, y fuiste una excelente persona un excelente ser humano. En manos de Dios te dejo padre. Te amo con todo mi coraz\u00f3n\u201d.<\/em><\/strong><\/p>\n<p>El cantante Ram\u00f3n Ayala se uni\u00f3 al p\u00e9same por la muerte de Homero de Le\u00f3n.<\/p>\n<p><strong><em>\u201cCon profundo pesar recibimos la noticia de tu partida, dejas un lugar insustituible en tu g\u00e9nero y estoy seguro que tu p\u00fablico nunca te olvidar\u00e1 querido amigo. A nombre de la Familia Ayala, Los Bravos del Norte y Staff t\u00e9cnico enviamos nuestras condolencias y respeto a Familiares y Amigos del gran m\u00fasico Homero De Le\u00f3n. Descansa en Paz hermano\u2026Luz a tu esp\u00edritu. Tu amigo por siempre Ram\u00f3n Ayala\u201d<\/em><\/strong>, se lee.<\/p>\n<p>Los Invasores de Nuevo Le\u00f3n se form\u00f3 en Monterrey, Nuevo Le\u00f3n, en 1978, su primer gran \u00e9xito fue\u00a0<strong><em>\u201cMi Casa Nueva\u201d<\/em><\/strong>, incluido en el \u00e1lbum\u00a0<strong><em>\u201cLaurita Garza\u201d<\/em><\/strong>, por el que recibieron un Disco de Oro. Son considerados precursores del estilo norte\u00f1o moderno y una referencia obligada en el g\u00e9nero.<\/p>\n","protected":false},"excerpt":{"rendered":"<p>El Universal &nbsp; El cantante y m\u00fasico Homero de Le\u00f3n, fundador y bajista de Los Invasores de Nuevo Le\u00f3n, falleci\u00f3 a los 66 a\u00f1os, la noticia se dio a conocer en rede sociales, donde lo despidieron familiares, colegas y el p\u00fablico. Su amigo y compa\u00f1ero, Isa\u00edas Lucero, revel\u00f3 que Homero falleci\u00f3 tras complicaciones de salud, [&hellip;]<\/p>\n","protected":false},"author":2,"featured_media":222747,"comment_status":"closed","ping_status":"closed","sticky":false,"template":"","format":"standard","meta":{"footnotes":""},"categories":[219],"tags":[12875],"class_list":["post-222746","post","type-post","status-publish","format-standard","has-post-thumbnail","hentry","category-espectaculos","tag-espectaculos"],"jetpack_featured_media_url":"https:\/\/rnoticias.com.mx\/Portal\/wp-content\/uploads\/2025\/06\/f960x540-288482_362557_5050.webp","amp_enabled":true,"_links":{"self":[{"href":"https:\/\/rnoticias.com.mx\/Portal\/wp-json\/wp\/v2\/posts\/222746","targetHints":{"allow":["GET"]}}],"collection":[{"href":"https:\/\/rnoticias.com.mx\/Portal\/wp-json\/wp\/v2\/posts"}],"about":[{"href":"https:\/\/rnoticias.com.mx\/Portal\/wp-json\/wp\/v2\/types\/post"}],"author":[{"embeddable":true,"href":"https:\/\/rnoticias.com.mx\/Portal\/wp-json\/wp\/v2\/users\/2"}],"replies":[{"embeddable":true,"href":"https:\/\/rnoticias.com.mx\/Portal\/wp-json\/wp\/v2\/comments?post=222746"}],"version-history":[{"count":1,"href":"https:\/\/rnoticias.com.mx\/Portal\/wp-json\/wp\/v2\/posts\/222746\/revisions"}],"predecessor-version":[{"id":222748,"href":"https:\/\/rnoticias.com.mx\/Portal\/wp-json\/wp\/v2\/posts\/222746\/revisions\/222748"}],"wp:featuredmedia":[{"embeddable":true,"href":"https:\/\/rnoticias.com.mx\/Portal\/wp-json\/wp\/v2\/media\/222747"}],"wp:attachment":[{"href":"https:\/\/rnoticias.com.mx\/Portal\/wp-json\/wp\/v2\/media?parent=222746"}],"wp:term":[{"taxonomy":"category","embeddable":true,"href":"https:\/\/rnoticias.com.mx\/Portal\/wp-json\/wp\/v2\/categories?post=222746"},{"taxonomy":"post_tag","embeddable":true,"href":"https:\/\/rnoticias.com.mx\/Portal\/wp-json\/wp\/v2\/tags?post=222746"}],"curies":[{"name":"wp","href":"https:\/\/api.w.org\/{rel}","templated":true}]}}