{"id":222740,"date":"2025-06-26T09:31:05","date_gmt":"2025-06-26T16:31:05","guid":{"rendered":"https:\/\/rnoticias.com.mx\/Portal\/?p=222740"},"modified":"2025-06-26T09:31:05","modified_gmt":"2025-06-26T16:31:05","slug":"corte-confirma-condena-a-luis-de-llano-por-caso-sasha-sokol","status":"publish","type":"post","link":"https:\/\/rnoticias.com.mx\/Portal\/2025\/06\/26\/corte-confirma-condena-a-luis-de-llano-por-caso-sasha-sokol\/","title":{"rendered":"Corte confirma condena a Luis de Llano por caso Sasha Sokol"},"content":{"rendered":"<p>La Primera Sala de la Suprema Corte dej\u00f3 firme la condena civil impuesta al productor Luis de Llano derivado de la relaci\u00f3n sexoafectiva que mantuvo con Sasha Sokol, cuando ten\u00eda 14 a\u00f1os y \u00e9l 39, hace m\u00e1s de 30 a\u00f1os, de acuerdo con una nota de la p\u00e1gina web de Milenio.<\/p>\n<p>Por unanimidad, la Primera Sala aval\u00f3 el proyecto del ministro Jorge Mario Pardo Rebolledo, quien propuso negar el amparo al productor.<\/p>\n<p>Seg\u00fan la nota de Milenio, De Llano buscaba tumbar la condena dictada en su contra por la S\u00e9ptima Sala Civil del Tribunal Superior de Justicia de la Ciudad de M\u00e9xico en septiembre de 2023, que le orden\u00f3 reparar el da\u00f1o, ofrecer una disculpa p\u00fablica, tomar un curso especializado en prevenci\u00f3n de conductas de abuso sexual y nunca m\u00e1s mencionar a la artista y mucho menos el asunto.<\/p>\n<p>Tras la decisi\u00f3n, Sasha Sokol expuso en redes sociales que la sentencia trasciende por mucho su caso, y abre la v\u00eda del juicio civil para otras v\u00edctimas, ya que la Primera Sala declar\u00f3 la imprescriptibilidad de la acci\u00f3n civil en casos de abuso sexual de menores.<\/p>\n<p>\u201cDesde ahora, cuando est\u00e9 lista, cada v\u00edctima podr\u00e1 acceder a la justicia y a la verdad\u201d, expres\u00f3 en la red X.<\/p>\n<p>Agreg\u00f3 que a los 14 a\u00f1os no tuvo herramientas para comprender lo que le ocurr\u00eda, mucho menos para defenderse.<\/p>\n<p>\u201cEl abuso de Luis tambi\u00e9n sucedi\u00f3 al manipular la verdad con declaraciones falsas como que mis pap\u00e1s estaban de acuerdo, o incluso mintiendo ante el juzgado al declarar que la relaci\u00f3n no hab\u00eda existido m\u00e1s que \u2018en la mente de una ni\u00f1a fantasiosa\u2019\u201d, afirm\u00f3.<\/p>\n<p>\u201cPor eso la justicia lo ha condenado por el abuso continuo; desde la relaci\u00f3n sexual hasta el da\u00f1o moral que violent\u00f3 mi dignidad, integridad f\u00edsica, intimidad y honor, a\u00f1adi\u00f3.<\/p>\n<p>Sostuvo que llevar el tema hasta este nivel le devolvi\u00f3 la capacidad de acci\u00f3n.<\/p>\n<p>\u201cHoy tengo en mis manos las riendas de mi vida y puedo cuidarme. Estabilizar la verdad es el principio de la reparaci\u00f3n\u201d, concluy\u00f3.<\/p>\n","protected":false},"excerpt":{"rendered":"<p>La Primera Sala de la Suprema Corte dej\u00f3 firme la condena civil impuesta al productor Luis de Llano derivado de la relaci\u00f3n sexoafectiva que mantuvo con Sasha Sokol, cuando ten\u00eda 14 a\u00f1os y \u00e9l 39, hace m\u00e1s de 30 a\u00f1os, de acuerdo con una nota de la p\u00e1gina web de Milenio. Por unanimidad, la Primera [&hellip;]<\/p>\n","protected":false},"author":2,"featured_media":222741,"comment_status":"closed","ping_status":"closed","sticky":false,"template":"","format":"standard","meta":{"footnotes":""},"categories":[12870,219],"tags":[12865,12875],"class_list":["post-222740","post","type-post","status-publish","format-standard","has-post-thumbnail","hentry","category-destacadas","category-espectaculos","tag-destacadas","tag-espectaculos"],"jetpack_featured_media_url":"https:\/\/rnoticias.com.mx\/Portal\/wp-content\/uploads\/2025\/06\/luis-de-llano-sentencia-sasha-sokol-1.jpg","amp_enabled":true,"_links":{"self":[{"href":"https:\/\/rnoticias.com.mx\/Portal\/wp-json\/wp\/v2\/posts\/222740","targetHints":{"allow":["GET"]}}],"collection":[{"href":"https:\/\/rnoticias.com.mx\/Portal\/wp-json\/wp\/v2\/posts"}],"about":[{"href":"https:\/\/rnoticias.com.mx\/Portal\/wp-json\/wp\/v2\/types\/post"}],"author":[{"embeddable":true,"href":"https:\/\/rnoticias.com.mx\/Portal\/wp-json\/wp\/v2\/users\/2"}],"replies":[{"embeddable":true,"href":"https:\/\/rnoticias.com.mx\/Portal\/wp-json\/wp\/v2\/comments?post=222740"}],"version-history":[{"count":1,"href":"https:\/\/rnoticias.com.mx\/Portal\/wp-json\/wp\/v2\/posts\/222740\/revisions"}],"predecessor-version":[{"id":222742,"href":"https:\/\/rnoticias.com.mx\/Portal\/wp-json\/wp\/v2\/posts\/222740\/revisions\/222742"}],"wp:featuredmedia":[{"embeddable":true,"href":"https:\/\/rnoticias.com.mx\/Portal\/wp-json\/wp\/v2\/media\/222741"}],"wp:attachment":[{"href":"https:\/\/rnoticias.com.mx\/Portal\/wp-json\/wp\/v2\/media?parent=222740"}],"wp:term":[{"taxonomy":"category","embeddable":true,"href":"https:\/\/rnoticias.com.mx\/Portal\/wp-json\/wp\/v2\/categories?post=222740"},{"taxonomy":"post_tag","embeddable":true,"href":"https:\/\/rnoticias.com.mx\/Portal\/wp-json\/wp\/v2\/tags?post=222740"}],"curies":[{"name":"wp","href":"https:\/\/api.w.org\/{rel}","templated":true}]}}