{"id":222734,"date":"2025-06-26T09:26:51","date_gmt":"2025-06-26T16:26:51","guid":{"rendered":"https:\/\/rnoticias.com.mx\/Portal\/?p=222734"},"modified":"2025-06-26T09:26:51","modified_gmt":"2025-06-26T16:26:51","slug":"futbolista-de-18-anos-muere-durante-una-operacion-de-rodilla","status":"publish","type":"post","link":"https:\/\/rnoticias.com.mx\/Portal\/2025\/06\/26\/futbolista-de-18-anos-muere-durante-una-operacion-de-rodilla\/","title":{"rendered":"Futbolista de 18 a\u00f1os muere durante una operaci\u00f3n de rodilla"},"content":{"rendered":"<p>Camilo Ernesto Nuin, futbolista de 18 a\u00f1os del club argentino San Telmo, de la segunda divisi\u00f3n de Argentina, falleci\u00f3 este mi\u00e9rcoles durante una operaci\u00f3n de rodilla, seg\u00fan anunci\u00f3 la instituci\u00f3n, que precis\u00f3 que las causas de su muerte a\u00fan no fueron determinadas.<\/p>\n<div class=\"jeg_ad jeg_ad_article jnews_content_inline_ads  \"><\/div>\n<p>\u201cCon profundo pesar, informamos el fallecimiento de Camilo Ernesto Nuin, jugador de nuestras divisiones juveniles y reserva, quien en el d\u00eda de hoy se encontraba atravesando una intervenci\u00f3n quir\u00fargica\u201c, anunci\u00f3 el club a trav\u00e9s de sus redes sociales, en una publicaci\u00f3n titulada \u2018San Telmo de luto\u2019.<\/p>\n<p>Ante la noticia, el club decidi\u00f3 cerrar sus puertas durante la jornada de este mi\u00e9rcoles en se\u00f1al de duelo.<\/p>\n<p>\u201cProfundo pesar entre quienes compartimos horas con \u00e9l, en el vestuario, en cada entrenamiento, en cada tarde defendiendo los colores del club\u201d, expres\u00f3 un comunicado, que detall\u00f3 que Nuin disput\u00f3 82 encuentros en las categor\u00edas inferiores del equipo.<\/p>\n<p>\u201cAcompa\u00f1amos en este dif\u00edcil momento a su familia, amigos y compa\u00f1eros, poni\u00e9ndonos a total disposici\u00f3n para lo que necesiten\u201d, a\u00f1adi\u00f3 el texto.<\/p>\n<p>Seg\u00fan la prensa local, la cirug\u00eda del futbolista fue por lesi\u00f3n en los meniscos y en los ligamentos cruzados de la rodilla, y su fallecimiento se produjo en el quir\u00f3fano.<\/p>\n<p>Nuin se desempe\u00f1aba como volante creativo y hab\u00eda iniciado su carrera en las categor\u00edas infantiles de Boca Juniors, antes de pasar a Independiente y desembarcar luego en 2022 en San Telmo.<\/p>\n<p>La Asociaci\u00f3n del F\u00fatbol Argentino (AFA) expres\u00f3 \u201cprofundo dolor\u201d por la muerte del joven y transmitieron sus condolencias a su familia a trav\u00e9s de un comunicado en sus redes sociales.<\/p>\n","protected":false},"excerpt":{"rendered":"<p>Camilo Ernesto Nuin, futbolista de 18 a\u00f1os del club argentino San Telmo, de la segunda divisi\u00f3n de Argentina, falleci\u00f3 este mi\u00e9rcoles durante una operaci\u00f3n de rodilla, seg\u00fan anunci\u00f3 la instituci\u00f3n, que precis\u00f3 que las causas de su muerte a\u00fan no fueron determinadas. \u201cCon profundo pesar, informamos el fallecimiento de Camilo Ernesto Nuin, jugador de nuestras [&hellip;]<\/p>\n","protected":false},"author":2,"featured_media":222735,"comment_status":"closed","ping_status":"closed","sticky":false,"template":"","format":"standard","meta":{"footnotes":""},"categories":[188,12870],"tags":[5231,12865],"class_list":["post-222734","post","type-post","status-publish","format-standard","has-post-thumbnail","hentry","category-deportes","category-destacadas","tag-deportes","tag-destacadas"],"jetpack_featured_media_url":"https:\/\/rnoticias.com.mx\/Portal\/wp-content\/uploads\/2025\/06\/jugador-argentina-muere-750x400-1.png","amp_enabled":true,"_links":{"self":[{"href":"https:\/\/rnoticias.com.mx\/Portal\/wp-json\/wp\/v2\/posts\/222734","targetHints":{"allow":["GET"]}}],"collection":[{"href":"https:\/\/rnoticias.com.mx\/Portal\/wp-json\/wp\/v2\/posts"}],"about":[{"href":"https:\/\/rnoticias.com.mx\/Portal\/wp-json\/wp\/v2\/types\/post"}],"author":[{"embeddable":true,"href":"https:\/\/rnoticias.com.mx\/Portal\/wp-json\/wp\/v2\/users\/2"}],"replies":[{"embeddable":true,"href":"https:\/\/rnoticias.com.mx\/Portal\/wp-json\/wp\/v2\/comments?post=222734"}],"version-history":[{"count":1,"href":"https:\/\/rnoticias.com.mx\/Portal\/wp-json\/wp\/v2\/posts\/222734\/revisions"}],"predecessor-version":[{"id":222736,"href":"https:\/\/rnoticias.com.mx\/Portal\/wp-json\/wp\/v2\/posts\/222734\/revisions\/222736"}],"wp:featuredmedia":[{"embeddable":true,"href":"https:\/\/rnoticias.com.mx\/Portal\/wp-json\/wp\/v2\/media\/222735"}],"wp:attachment":[{"href":"https:\/\/rnoticias.com.mx\/Portal\/wp-json\/wp\/v2\/media?parent=222734"}],"wp:term":[{"taxonomy":"category","embeddable":true,"href":"https:\/\/rnoticias.com.mx\/Portal\/wp-json\/wp\/v2\/categories?post=222734"},{"taxonomy":"post_tag","embeddable":true,"href":"https:\/\/rnoticias.com.mx\/Portal\/wp-json\/wp\/v2\/tags?post=222734"}],"curies":[{"name":"wp","href":"https:\/\/api.w.org\/{rel}","templated":true}]}}