{"id":222701,"date":"2025-06-26T08:05:38","date_gmt":"2025-06-26T15:05:38","guid":{"rendered":"https:\/\/rnoticias.com.mx\/Portal\/?p=222701"},"modified":"2025-06-26T08:05:38","modified_gmt":"2025-06-26T15:05:38","slug":"gobierno-de-sonora-fortalece-atencion-a-mujeres-privadas-de-la-libertad","status":"publish","type":"post","link":"https:\/\/rnoticias.com.mx\/Portal\/2025\/06\/26\/gobierno-de-sonora-fortalece-atencion-a-mujeres-privadas-de-la-libertad\/","title":{"rendered":"Gobierno de Sonora fortalece atenci\u00f3n a mujeres privadas de la libertad"},"content":{"rendered":"<p>Hermosillo, Sonora; 26 de junio de 2025.- El Gobierno de Sonora, a trav\u00e9s del Sistema para el Desarrollo Integral de la Familia (DIF Sonora), firm\u00f3 un convenio de colaboraci\u00f3n con el Sistema Estatal Penitenciario (SIEP), con el objetivo de brindar atenci\u00f3n integral a personas privadas de la libertad y a sus familias, en especial a ni\u00f1as y ni\u00f1os que viven con sus madres en los Centros de Reinserci\u00f3n Social (CRS), as\u00ed como a mujeres y grupos vulnerables.<\/p>\n<p>Este acuerdo contempla una serie de acciones para mejorar las condiciones de vida de esta poblaci\u00f3n mediante programas asistenciales, servicios funerarios, atenci\u00f3n a personas con discapacidad y personas mayores, as\u00ed como entrega de lentes, credenciales de discapacidad y apoyo en temas jur\u00eddicos y familiares; ejemplo de un gobierno humanista que ha caracterizado al gobernador Alfonso Durazo.<\/p>\n<p>La presidenta honoraria del Sistema DIF Sonora, Roc\u00edo Ch\u00e1vez Durazo, destac\u00f3 la importancia de este tipo de alianzas que permiten tender puentes de dignidad y justicia social, asegurando que las personas privadas de la libertad tambi\u00e9n tengan acceso a servicios esenciales y humanitarios.<\/p>\n<p>Entre los compromisos adquiridos en este convenio se encuentra el cubrir los montos correspondientes al beneficio o sustitutivo de prisi\u00f3n concedido por el juez de la causa, a personas privadas de la libertad con escasos recursos econ\u00f3micos, priorizando a mujeres y personas en situaci\u00f3n de vulnerabilidad.<\/p>\n<p>El evento se realiz\u00f3 en las instalaciones del CRS No. 1, \u00c1rea Femenil, e incluy\u00f3 un recorrido por las \u00e1reas donde se implementar\u00e1n los servicios establecidos en el convenio. Adem\u00e1s, se hizo entrega de art\u00edculos de higiene personal, juguetes, pa\u00f1ales y sueros.<\/p>\n","protected":false},"excerpt":{"rendered":"<p>Hermosillo, Sonora; 26 de junio de 2025.- El Gobierno de Sonora, a trav\u00e9s del Sistema para el Desarrollo Integral de la Familia (DIF Sonora), firm\u00f3 un convenio de colaboraci\u00f3n con el Sistema Estatal Penitenciario (SIEP), con el objetivo de brindar atenci\u00f3n integral a personas privadas de la libertad y a sus familias, en especial a [&hellip;]<\/p>\n","protected":false},"author":2,"featured_media":222702,"comment_status":"closed","ping_status":"closed","sticky":false,"template":"","format":"standard","meta":{"footnotes":""},"categories":[12870,178],"tags":[12865,12869],"class_list":["post-222701","post","type-post","status-publish","format-standard","has-post-thumbnail","hentry","category-destacadas","category-local","tag-destacadas","tag-local"],"jetpack_featured_media_url":"https:\/\/rnoticias.com.mx\/Portal\/wp-content\/uploads\/2025\/06\/unnamed-19-9.jpg","amp_enabled":true,"_links":{"self":[{"href":"https:\/\/rnoticias.com.mx\/Portal\/wp-json\/wp\/v2\/posts\/222701","targetHints":{"allow":["GET"]}}],"collection":[{"href":"https:\/\/rnoticias.com.mx\/Portal\/wp-json\/wp\/v2\/posts"}],"about":[{"href":"https:\/\/rnoticias.com.mx\/Portal\/wp-json\/wp\/v2\/types\/post"}],"author":[{"embeddable":true,"href":"https:\/\/rnoticias.com.mx\/Portal\/wp-json\/wp\/v2\/users\/2"}],"replies":[{"embeddable":true,"href":"https:\/\/rnoticias.com.mx\/Portal\/wp-json\/wp\/v2\/comments?post=222701"}],"version-history":[{"count":1,"href":"https:\/\/rnoticias.com.mx\/Portal\/wp-json\/wp\/v2\/posts\/222701\/revisions"}],"predecessor-version":[{"id":222703,"href":"https:\/\/rnoticias.com.mx\/Portal\/wp-json\/wp\/v2\/posts\/222701\/revisions\/222703"}],"wp:featuredmedia":[{"embeddable":true,"href":"https:\/\/rnoticias.com.mx\/Portal\/wp-json\/wp\/v2\/media\/222702"}],"wp:attachment":[{"href":"https:\/\/rnoticias.com.mx\/Portal\/wp-json\/wp\/v2\/media?parent=222701"}],"wp:term":[{"taxonomy":"category","embeddable":true,"href":"https:\/\/rnoticias.com.mx\/Portal\/wp-json\/wp\/v2\/categories?post=222701"},{"taxonomy":"post_tag","embeddable":true,"href":"https:\/\/rnoticias.com.mx\/Portal\/wp-json\/wp\/v2\/tags?post=222701"}],"curies":[{"name":"wp","href":"https:\/\/api.w.org\/{rel}","templated":true}]}}