{"id":222690,"date":"2025-06-25T21:22:06","date_gmt":"2025-06-26T04:22:06","guid":{"rendered":"https:\/\/rnoticias.com.mx\/Portal\/?p=222690"},"modified":"2025-06-25T21:22:06","modified_gmt":"2025-06-26T04:22:06","slug":"arranca-ayuntamiento-de-hermosillo-proyecto-conexion-h-a-favor-de-la-energia-renovable-y-el-medio-ambiente","status":"publish","type":"post","link":"https:\/\/rnoticias.com.mx\/Portal\/2025\/06\/25\/arranca-ayuntamiento-de-hermosillo-proyecto-conexion-h-a-favor-de-la-energia-renovable-y-el-medio-ambiente\/","title":{"rendered":"Arranca Ayuntamiento de Hermosillo proyecto \u201cConexi\u00f3n H\u201d a favor de la energ\u00eda renovable y el medio ambiente"},"content":{"rendered":"<p>Hermosillo, Sonora; 25 de junio, 2025.- Con el proyecto \u201cConexi\u00f3n H\u201d, que instalar\u00e1 la primera red municipal de cargadores con energ\u00eda renovable para autos el\u00e9ctricos en diversos puntos de la ciudad, la administraci\u00f3n del presidente municipal Antonio Astiazar\u00e1n Guti\u00e9rrez refrenda el compromiso de trabajar a favor del medio ambiente.<\/p>\n<p>La directora de la Agencia Municipal de Energ\u00eda y Cambio Clim\u00e1tico (AMMEC), Carla Neudert C\u00f3rdova, explic\u00f3 que el primer punto estar\u00e1 en el emblem\u00e1tico Jard\u00edn Ju\u00e1rez, que contempla paneles solares y un s\u00faper cargador para veh\u00edculos el\u00e9ctricos.<\/p>\n<p>Neudert C\u00f3rdova explic\u00f3 que el proyecto \u201cConexi\u00f3n H\u201d avanza rumbo a una ciudad sustentable e innovadora, y que en el Jard\u00edn Ju\u00e1rez habr\u00e1 una nueva electrolinera con un sistema de prepago a trav\u00e9s de una plataforma digital.<\/p>\n<p>\u201cSe llev\u00f3 a cabo la instalaci\u00f3n de infraestructura el\u00e9ctrica especializada en el \u00e1rea de Jard\u00edn Ju\u00e1rez, para habilitar una electrolinera equipada con un s\u00faper cargador de 50 kilowatts de la marca Evergo\u201d, agreg\u00f3.<\/p>\n<p>Dicho cargador operar\u00e1 mediante un sistema de prepago a trav\u00e9s de la plataforma digital de la misma marca, lo que permitir\u00e1 a los usuarios gestionar sus recargas de forma pr\u00e1ctica, segura y eficiente desde su dispositivo m\u00f3vil.<\/p>\n<p>Para mayor comodidad, se instalar\u00e1 tambi\u00e9n una estructura tipo &#8220;carport&#8221;, que brindar\u00e1 sombra y protecci\u00f3n a los veh\u00edculos mientras se recargan, misma en la que se colocaron ocho paneles solares como parte del sistema fotovoltaico.<\/p>\n<p>El Gobierno Municipal refrenda el compromiso de continuar impulsando infraestructura adecuada para el uso de energ\u00edas limpias, como la primera electrolinera de carga p\u00fablica ubicada en la Unidad Deportiva El C\u00e1rcamo y la comandancia norte, inauguradas en la primera administraci\u00f3n del presidente municipal.<\/p>\n","protected":false},"excerpt":{"rendered":"<p>Hermosillo, Sonora; 25 de junio, 2025.- Con el proyecto \u201cConexi\u00f3n H\u201d, que instalar\u00e1 la primera red municipal de cargadores con energ\u00eda renovable para autos el\u00e9ctricos en diversos puntos de la ciudad, la administraci\u00f3n del presidente municipal Antonio Astiazar\u00e1n Guti\u00e9rrez refrenda el compromiso de trabajar a favor del medio ambiente. La directora de la Agencia Municipal [&hellip;]<\/p>\n","protected":false},"author":2,"featured_media":222691,"comment_status":"closed","ping_status":"closed","sticky":false,"template":"","format":"standard","meta":{"footnotes":""},"categories":[12870,178],"tags":[12865,12869],"class_list":["post-222690","post","type-post","status-publish","format-standard","has-post-thumbnail","hentry","category-destacadas","category-local","tag-destacadas","tag-local"],"jetpack_featured_media_url":"https:\/\/rnoticias.com.mx\/Portal\/wp-content\/uploads\/2025\/06\/91ae61d0-4659-4863-8cfb-937a922cdbd1-scaled.jpg","amp_enabled":true,"_links":{"self":[{"href":"https:\/\/rnoticias.com.mx\/Portal\/wp-json\/wp\/v2\/posts\/222690","targetHints":{"allow":["GET"]}}],"collection":[{"href":"https:\/\/rnoticias.com.mx\/Portal\/wp-json\/wp\/v2\/posts"}],"about":[{"href":"https:\/\/rnoticias.com.mx\/Portal\/wp-json\/wp\/v2\/types\/post"}],"author":[{"embeddable":true,"href":"https:\/\/rnoticias.com.mx\/Portal\/wp-json\/wp\/v2\/users\/2"}],"replies":[{"embeddable":true,"href":"https:\/\/rnoticias.com.mx\/Portal\/wp-json\/wp\/v2\/comments?post=222690"}],"version-history":[{"count":1,"href":"https:\/\/rnoticias.com.mx\/Portal\/wp-json\/wp\/v2\/posts\/222690\/revisions"}],"predecessor-version":[{"id":222692,"href":"https:\/\/rnoticias.com.mx\/Portal\/wp-json\/wp\/v2\/posts\/222690\/revisions\/222692"}],"wp:featuredmedia":[{"embeddable":true,"href":"https:\/\/rnoticias.com.mx\/Portal\/wp-json\/wp\/v2\/media\/222691"}],"wp:attachment":[{"href":"https:\/\/rnoticias.com.mx\/Portal\/wp-json\/wp\/v2\/media?parent=222690"}],"wp:term":[{"taxonomy":"category","embeddable":true,"href":"https:\/\/rnoticias.com.mx\/Portal\/wp-json\/wp\/v2\/categories?post=222690"},{"taxonomy":"post_tag","embeddable":true,"href":"https:\/\/rnoticias.com.mx\/Portal\/wp-json\/wp\/v2\/tags?post=222690"}],"curies":[{"name":"wp","href":"https:\/\/api.w.org\/{rel}","templated":true}]}}