{"id":222681,"date":"2025-06-25T21:16:44","date_gmt":"2025-06-26T04:16:44","guid":{"rendered":"https:\/\/rnoticias.com.mx\/Portal\/?p=222681"},"modified":"2025-06-25T21:16:44","modified_gmt":"2025-06-26T04:16:44","slug":"acerca-gobierno-de-sonora-convocatoria-del-programa-social-en-feria-de-servicios-sonora-atiende-isaam","status":"publish","type":"post","link":"https:\/\/rnoticias.com.mx\/Portal\/2025\/06\/25\/acerca-gobierno-de-sonora-convocatoria-del-programa-social-en-feria-de-servicios-sonora-atiende-isaam\/","title":{"rendered":"Acerca Gobierno de Sonora convocatoria del programa social en Feria de Servicios \u201cSonora Atiende\u201d: ISAAM"},"content":{"rendered":"<p>Hermosillo, Sonora; 25 de junio de 2025.- Con el objetivo de acercar tr\u00e1mites, programas y beneficios que facilitan el acceso y brindan soluciones inmediatas a las y los sonorenses, el Gobierno del Estado lleva a cabo la Feria de Servicios \u201cSonora Atiende\u201d.<\/p>\n<p>Del 9 al 24 de junio, el Instituto Sonorense para la Atenci\u00f3n de los Adultos Mayores (ISAAM) estuvo presente en once colonias: G\u00f3mez Mor\u00edn, Caf\u00e9 Combate, Pueblitos, Misiones, Solidaridad, Olivares, Coloso, Caridad, Villa Verde, Palo Verde y Laura Alicia Fr\u00edas, donde se atendi\u00f3 a 178 personas; de ellas, 138 fueron mujeres y 40 hombres.<\/p>\n<p>Se les inform\u00f3 e invit\u00f3 a participar en la convocatoria del programa Fomentando el Envejecimiento Activo, a trav\u00e9s del cual las personas adultas mayores pueden impartir clases en los CEDAM, domicilios particulares, centros de cuidado y espacios p\u00fablicos, recibiendo un apoyo econ\u00f3mico mensual de dos mil pesos por un periodo de tres meses.<\/p>\n<p>Asimismo, se les invit\u00f3 a asistir a los CEDAM, donde se brinda atenci\u00f3n integral a personas adultas mayores, con el objetivo de contribuir a mejorar su calidad de vida mediante acciones que promuevan la salud y fomenten su integraci\u00f3n familiar y social.<\/p>\n<p>Gracias al compromiso del gobernador Alfonso Durazo, y a trav\u00e9s del ISAAM, el Gobierno de Sonora contin\u00faa acercando servicios que mejoran la vida de la ciudadan\u00eda.<\/p>\n","protected":false},"excerpt":{"rendered":"<p>Hermosillo, Sonora; 25 de junio de 2025.- Con el objetivo de acercar tr\u00e1mites, programas y beneficios que facilitan el acceso y brindan soluciones inmediatas a las y los sonorenses, el Gobierno del Estado lleva a cabo la Feria de Servicios \u201cSonora Atiende\u201d. Del 9 al 24 de junio, el Instituto Sonorense para la Atenci\u00f3n de [&hellip;]<\/p>\n","protected":false},"author":2,"featured_media":222682,"comment_status":"closed","ping_status":"closed","sticky":false,"template":"","format":"standard","meta":{"footnotes":""},"categories":[12870,178],"tags":[12865,12869],"class_list":["post-222681","post","type-post","status-publish","format-standard","has-post-thumbnail","hentry","category-destacadas","category-local","tag-destacadas","tag-local"],"jetpack_featured_media_url":"https:\/\/rnoticias.com.mx\/Portal\/wp-content\/uploads\/2025\/06\/unnamed-115.jpg","amp_enabled":true,"_links":{"self":[{"href":"https:\/\/rnoticias.com.mx\/Portal\/wp-json\/wp\/v2\/posts\/222681","targetHints":{"allow":["GET"]}}],"collection":[{"href":"https:\/\/rnoticias.com.mx\/Portal\/wp-json\/wp\/v2\/posts"}],"about":[{"href":"https:\/\/rnoticias.com.mx\/Portal\/wp-json\/wp\/v2\/types\/post"}],"author":[{"embeddable":true,"href":"https:\/\/rnoticias.com.mx\/Portal\/wp-json\/wp\/v2\/users\/2"}],"replies":[{"embeddable":true,"href":"https:\/\/rnoticias.com.mx\/Portal\/wp-json\/wp\/v2\/comments?post=222681"}],"version-history":[{"count":1,"href":"https:\/\/rnoticias.com.mx\/Portal\/wp-json\/wp\/v2\/posts\/222681\/revisions"}],"predecessor-version":[{"id":222683,"href":"https:\/\/rnoticias.com.mx\/Portal\/wp-json\/wp\/v2\/posts\/222681\/revisions\/222683"}],"wp:featuredmedia":[{"embeddable":true,"href":"https:\/\/rnoticias.com.mx\/Portal\/wp-json\/wp\/v2\/media\/222682"}],"wp:attachment":[{"href":"https:\/\/rnoticias.com.mx\/Portal\/wp-json\/wp\/v2\/media?parent=222681"}],"wp:term":[{"taxonomy":"category","embeddable":true,"href":"https:\/\/rnoticias.com.mx\/Portal\/wp-json\/wp\/v2\/categories?post=222681"},{"taxonomy":"post_tag","embeddable":true,"href":"https:\/\/rnoticias.com.mx\/Portal\/wp-json\/wp\/v2\/tags?post=222681"}],"curies":[{"name":"wp","href":"https:\/\/api.w.org\/{rel}","templated":true}]}}