{"id":222663,"date":"2025-06-25T16:54:06","date_gmt":"2025-06-25T23:54:06","guid":{"rendered":"https:\/\/rnoticias.com.mx\/Portal\/?p=222663"},"modified":"2025-06-25T16:54:06","modified_gmt":"2025-06-25T23:54:06","slug":"gobernador-durazo-consolida-el-liderazgo-de-sonora-en-la-industria-de-semiconductores-apostando-por-la-integracion-regional-y-el-talento-tecnico","status":"publish","type":"post","link":"https:\/\/rnoticias.com.mx\/Portal\/2025\/06\/25\/gobernador-durazo-consolida-el-liderazgo-de-sonora-en-la-industria-de-semiconductores-apostando-por-la-integracion-regional-y-el-talento-tecnico\/","title":{"rendered":"Gobernador Durazo consolida el liderazgo de Sonora en la industria de semiconductores, apostando por la integraci\u00f3n regional y el talento t\u00e9cnico"},"content":{"rendered":"<p>Hermosillo, Sonora; 25 de junio de 2025.- Con el objetivo de fortalecer la integraci\u00f3n de la entidad en la cadena de suministro de Norteam\u00e9rica y generar nuevas oportunidades para j\u00f3venes t\u00e9cnicos y empresas del estado, el Gobierno de Sonora particip\u00f3 en el Foro Binacional de Colaboraci\u00f3n en Semiconductores, realizado en Tempe, Arizona,<\/p>\n<p>Durante el foro se presentaron los avances del Plan Sonora de Energ\u00edas Sostenibles, impulsado por el gobernador Alfonso Durazo, con \u00e9nfasis en el desarrollo de talento especializado, la innovaci\u00f3n educativa y el uso de energ\u00eda limpia como ejes para posicionar a Sonora como un actor estrat\u00e9gico en la industria global de semiconductores.<\/p>\n<p>El Gobierno de Sonora, a trav\u00e9s del Consejo para el Desarrollo Sostenible (Codeso), estuvo representado por \u00c1ngela Gonz\u00e1lez, directora de Promoci\u00f3n de Inversi\u00f3n de Prosonora, organismo que forma parte de Codeso, y por M\u00f3nica Pinto Serrano, titular de Prosonora, quienes destacaron la importancia de construir un ecosistema binacional resiliente, competitivo y sostenible.<\/p>\n<p>\u201cEl futuro de la industria de semiconductores depende de una regi\u00f3n integrada y preparada. En Sonora estamos construyendo ese presente con innovaci\u00f3n, educaci\u00f3n t\u00e9cnica y energ\u00edas limpias\u201d, expresaron.<\/p>\n<p>El foro subray\u00f3 la necesidad de fortalecer la colaboraci\u00f3n entre M\u00e9xico y Estados Unidos para responder a la demanda global, mejorar la seguridad econ\u00f3mica compartida y generar empleos bien remunerados en ambos lados de la frontera.<\/p>\n<p>Participaron organismos como la Arizona Commerce Authority, el Business Council for International Understanding (BCIU), la Secretar\u00eda de Econom\u00eda de M\u00e9xico y el Consejo Coordinador Empresarial (CCE), adem\u00e1s de empresas como Intel, Skyworks, Plug and Play y Santander M\u00e9xico.<\/p>\n","protected":false},"excerpt":{"rendered":"<p>Hermosillo, Sonora; 25 de junio de 2025.- Con el objetivo de fortalecer la integraci\u00f3n de la entidad en la cadena de suministro de Norteam\u00e9rica y generar nuevas oportunidades para j\u00f3venes t\u00e9cnicos y empresas del estado, el Gobierno de Sonora particip\u00f3 en el Foro Binacional de Colaboraci\u00f3n en Semiconductores, realizado en Tempe, Arizona, Durante el foro [&hellip;]<\/p>\n","protected":false},"author":2,"featured_media":222664,"comment_status":"closed","ping_status":"closed","sticky":false,"template":"","format":"standard","meta":{"footnotes":""},"categories":[12870,178],"tags":[12865,12869],"class_list":["post-222663","post","type-post","status-publish","format-standard","has-post-thumbnail","hentry","category-destacadas","category-local","tag-destacadas","tag-local"],"jetpack_featured_media_url":"https:\/\/rnoticias.com.mx\/Portal\/wp-content\/uploads\/2025\/06\/unnamed-113.jpg","amp_enabled":true,"_links":{"self":[{"href":"https:\/\/rnoticias.com.mx\/Portal\/wp-json\/wp\/v2\/posts\/222663","targetHints":{"allow":["GET"]}}],"collection":[{"href":"https:\/\/rnoticias.com.mx\/Portal\/wp-json\/wp\/v2\/posts"}],"about":[{"href":"https:\/\/rnoticias.com.mx\/Portal\/wp-json\/wp\/v2\/types\/post"}],"author":[{"embeddable":true,"href":"https:\/\/rnoticias.com.mx\/Portal\/wp-json\/wp\/v2\/users\/2"}],"replies":[{"embeddable":true,"href":"https:\/\/rnoticias.com.mx\/Portal\/wp-json\/wp\/v2\/comments?post=222663"}],"version-history":[{"count":1,"href":"https:\/\/rnoticias.com.mx\/Portal\/wp-json\/wp\/v2\/posts\/222663\/revisions"}],"predecessor-version":[{"id":222665,"href":"https:\/\/rnoticias.com.mx\/Portal\/wp-json\/wp\/v2\/posts\/222663\/revisions\/222665"}],"wp:featuredmedia":[{"embeddable":true,"href":"https:\/\/rnoticias.com.mx\/Portal\/wp-json\/wp\/v2\/media\/222664"}],"wp:attachment":[{"href":"https:\/\/rnoticias.com.mx\/Portal\/wp-json\/wp\/v2\/media?parent=222663"}],"wp:term":[{"taxonomy":"category","embeddable":true,"href":"https:\/\/rnoticias.com.mx\/Portal\/wp-json\/wp\/v2\/categories?post=222663"},{"taxonomy":"post_tag","embeddable":true,"href":"https:\/\/rnoticias.com.mx\/Portal\/wp-json\/wp\/v2\/tags?post=222663"}],"curies":[{"name":"wp","href":"https:\/\/api.w.org\/{rel}","templated":true}]}}