{"id":222660,"date":"2025-06-25T16:53:16","date_gmt":"2025-06-25T23:53:16","guid":{"rendered":"https:\/\/rnoticias.com.mx\/Portal\/?p=222660"},"modified":"2025-06-25T16:53:16","modified_gmt":"2025-06-25T23:53:16","slug":"mlb-abre-votaciones-para-el-juegos-de-estrellas-isaac-paredes-y-luis-urias-en-la-lista","status":"publish","type":"post","link":"https:\/\/rnoticias.com.mx\/Portal\/2025\/06\/25\/mlb-abre-votaciones-para-el-juegos-de-estrellas-isaac-paredes-y-luis-urias-en-la-lista\/","title":{"rendered":"MLB abre votaciones para el Juegos de Estrellas: Isaac Paredes y Luis Ur\u00edas en la lista"},"content":{"rendered":"<p class=\"Typography_text-default__P3otY Typography_weight-normal__pqUbH Typography_text-default__P3otY Typography_weight-normal__pqUbH\">El\u00a0<b class=\"bold\">Juego de las Estrellas de las Grandes Ligas\u00a0<\/b>est\u00e1 muy cerca, estamos a solo seis semanas de este gran evento en su edici\u00f3n n\u00famero 95, lo que aparte marca la\u00a0<b class=\"bold\">mitad de la temporada<\/b>, y que en esta ocasi\u00f3n se llevar\u00e1 a cabo en el\u00a0<b class=\"bold\">Truist Park de Atlanta<\/b>\u00a0el martes 15 de julio, por lo que las<b class=\"bold\">\u00a0votaciones para elegir a los protagonistas\u00a0<\/b>ya est\u00e1n abiertas.<\/p>\n<p class=\"Typography_text-default__P3otY Typography_weight-normal__pqUbH Typography_text-default__P3otY Typography_weight-normal__pqUbH\">Como cada a\u00f1o es el\u00a0<b class=\"bold\">voto de los aficionados<\/b>\u00a0el que acaba decidiendo cu\u00e1les son los<b class=\"bold\">\u00a0peloteros que defender\u00e1n la casaca<\/b>\u00a0de sus respectivas ligas, ya sea la\u00a0<b class=\"bold\">Americana o la Nacional<\/b>, y es aqu\u00ed donde la\u00a0<b class=\"bold\">afici\u00f3n mexicana<\/b>\u00a0y en especial la sonorense puede tomar partido para respaldar a los representantes que tenemos en el\u00a0<b class=\"bold\">mejor beisbol del mundo.<\/b><\/p>\n<p class=\"Typography_text-default__P3otY Typography_weight-normal__pqUbH Typography_text-default__P3otY Typography_weight-normal__pqUbH\">Hay algunos\u00a0<b class=\"bold\">nombres que destacan<\/b>\u00a0de los connacionales y por supuesto la labor del\u00a0<b class=\"bold\">hermosillense Isaac Paredes<\/b>\u00a0no pasa desapercibida en la\u00a0<b class=\"bold\">tercera base de los Astros de Houston<\/b>\u00a0en donde en su temporada debut con el equipo texano, ya suma 15 jonrones, que de continuar con ese ritmo lo pudiera conducir a su mejor temporada en\u00a0<b class=\"bold\">Grandes Ligas.<\/b><\/p>\n<h2 class=\"Typography_text-xl__yFuoP Typography_weight-normal__pqUbH SubHead_sub-head__PVEMA\">A votar por lo mexicanos<\/h2>\n<p class=\"Typography_text-default__P3otY Typography_weight-normal__pqUbH Typography_text-default__P3otY Typography_weight-normal__pqUbH\">\nOtros que llaman la atenci\u00f3n por la buena temporada que han estado realizando son el cubano mexicano\u00a0<b class=\"bold\">Randy Arozarena<\/b>\u00a0con los\u00a0<b class=\"bold\">Marineros de Seattle<\/b>, el tambi\u00e9n\u00a0<b class=\"bold\">sonorense Luis Ur\u00edas,<\/b>\u00a0con los Atl\u00e9ticos de Oakland,\u00a0<b class=\"bold\">Jonathan Aranda<\/b>\u00a0con las Mantarrayas de Tampa Bay y<b class=\"bold\">\u00a0Alejandro Kirk<\/b>, receptor de los Azulejos de Toronto, que es nacido en Tijuana, pero en la\u00a0<b class=\"bold\">Liga Mexicana del Pac\u00edfico<\/b>\u00a0juega con los\u00a0<b class=\"bold\">Naranjeros de Hermosillo.<\/b><\/p>\n<p class=\"Typography_text-default__P3otY Typography_weight-normal__pqUbH Typography_text-default__P3otY Typography_weight-normal__pqUbH\">Todos ellos<b class=\"bold\">\u00a0son elegibles\u00a0<\/b>para otorgarles, en esta primera etapa que es la Fase 1, del 4 al 26 de junio, cinco veces nuestro voto y posteriormente en la fase final del 30 de junio al 2 de julio y solo hay que entrar al\u00a0<b class=\"bold\">sitio web de la MLB<\/b>\u00a0y elegir a nuestro favoritos:\u00a0<u class=\"underline\"><b class=\"bold\"><a class=\"AnnotatedMarkup_link__sO9N0\" href=\"https:\/\/www.mlb.com\/es\/all-star\/ballot\" target=\"_blank\" rel=\"nofollow noopener\">https:\/\/www.mlb.com\/es\/all-star\/ballot<\/a><\/b><\/u><b class=\"bold\"><a class=\"AnnotatedMarkup_link__sO9N0\" href=\"https:\/\/www.mlb.com\/es\/all-star\/ballot\" target=\"_blank\" rel=\"nofollow noopener\">.<\/a><\/b><\/p>\n<p class=\"Typography_text-default__P3otY Typography_weight-normal__pqUbH Typography_text-default__P3otY Typography_weight-normal__pqUbH\">Dentro de una<b class=\"bold\">\u00a0clasificaci\u00f3n que hizo la liga<\/b>\u00a0junto con expertos, eligieron a un jugador por cada uno de los 30 equipos que conforman las\u00a0<b class=\"bold\">Grandes Ligas\u00a0<\/b>y ese pelotero a modo de sugerencia, ser\u00eda el representante de esa franquicia con los\u00a0<b class=\"bold\">mayores m\u00e9ritos<\/b>\u00a0para estar presente en este importante<b class=\"bold\">\u00a0All Star Game 2025.<\/b><\/p>\n<p class=\"Typography_text-default__P3otY Typography_weight-normal__pqUbH Typography_text-default__P3otY Typography_weight-normal__pqUbH\">En este listado destaca la\u00a0<b class=\"bold\">presencia de dos mexicanos<\/b>, uno es\u00a0<b class=\"bold\">Alejandro Kirk:<\/b>\u00a0\u201cLos Azulejos son uno de los equipos m\u00e1s dif\u00edciles para encontrar un claro y obvio\u00a0<b class=\"bold\">All-Star.\u00a0<\/b>Si bien no hay una temporada destacada en desarrollo aqu\u00ed, el valor del mexicano\u00a0<b class=\"bold\">Kirk merece ser reconocido en toda la liga<\/b>, ya que su bate finalmente ha regresado junto con su excepcional defensa, la decisi\u00f3n de los Azulejos de extender el contrato de\u00a0<b class=\"bold\">Kirk se ve mejor y mejor<\/b>\u201d, dice el relato de la MLB.<\/p>\n<p class=\"Typography_text-default__P3otY Typography_weight-normal__pqUbH Typography_text-default__P3otY Typography_weight-normal__pqUbH\">El otro es el tambi\u00e9n\u00a0<b class=\"bold\">tijuanense Jonathan Aranda<\/b>, primera base de las<b class=\"bold\">\u00a0Mantarrayas de Tampa Bay<\/b>: \u201cFinalmente con salud y tiempo de juego de forma regular, el\u00a0<b class=\"bold\">mexicano Aranda\u00a0<\/b>est\u00e1 disfrutando de una campa\u00f1a de despegue largamente esperada con los Rays. El jugador de 27 a\u00f1os est\u00e1 comenzando la mayor\u00eda de los d\u00edas en primera base y liderando la\u00a0<b class=\"bold\">alineaci\u00f3n de Tampa Bay\u00a0<\/b>mientras presenta algunos de los\u00a0<b class=\"bold\">mejores n\u00fameros ofensivos de la liga<\/b>, el mejor del equipo\u201d.<\/p>\n<p>&nbsp;<\/p>\n<p>El Sol de Hermosillo<\/p>\n","protected":false},"excerpt":{"rendered":"<p>El\u00a0Juego de las Estrellas de las Grandes Ligas\u00a0est\u00e1 muy cerca, estamos a solo seis semanas de este gran evento en su edici\u00f3n n\u00famero 95, lo que aparte marca la\u00a0mitad de la temporada, y que en esta ocasi\u00f3n se llevar\u00e1 a cabo en el\u00a0Truist Park de Atlanta\u00a0el martes 15 de julio, por lo que las\u00a0votaciones para [&hellip;]<\/p>\n","protected":false},"author":2,"featured_media":222661,"comment_status":"closed","ping_status":"closed","sticky":false,"template":"","format":"standard","meta":{"footnotes":""},"categories":[188,12870],"tags":[5231,12865],"class_list":["post-222660","post","type-post","status-publish","format-standard","has-post-thumbnail","hentry","category-deportes","category-destacadas","tag-deportes","tag-destacadas"],"jetpack_featured_media_url":"https:\/\/rnoticias.com.mx\/Portal\/wp-content\/uploads\/2025\/06\/ratio3x2_1920-1.jpg","amp_enabled":true,"_links":{"self":[{"href":"https:\/\/rnoticias.com.mx\/Portal\/wp-json\/wp\/v2\/posts\/222660","targetHints":{"allow":["GET"]}}],"collection":[{"href":"https:\/\/rnoticias.com.mx\/Portal\/wp-json\/wp\/v2\/posts"}],"about":[{"href":"https:\/\/rnoticias.com.mx\/Portal\/wp-json\/wp\/v2\/types\/post"}],"author":[{"embeddable":true,"href":"https:\/\/rnoticias.com.mx\/Portal\/wp-json\/wp\/v2\/users\/2"}],"replies":[{"embeddable":true,"href":"https:\/\/rnoticias.com.mx\/Portal\/wp-json\/wp\/v2\/comments?post=222660"}],"version-history":[{"count":1,"href":"https:\/\/rnoticias.com.mx\/Portal\/wp-json\/wp\/v2\/posts\/222660\/revisions"}],"predecessor-version":[{"id":222662,"href":"https:\/\/rnoticias.com.mx\/Portal\/wp-json\/wp\/v2\/posts\/222660\/revisions\/222662"}],"wp:featuredmedia":[{"embeddable":true,"href":"https:\/\/rnoticias.com.mx\/Portal\/wp-json\/wp\/v2\/media\/222661"}],"wp:attachment":[{"href":"https:\/\/rnoticias.com.mx\/Portal\/wp-json\/wp\/v2\/media?parent=222660"}],"wp:term":[{"taxonomy":"category","embeddable":true,"href":"https:\/\/rnoticias.com.mx\/Portal\/wp-json\/wp\/v2\/categories?post=222660"},{"taxonomy":"post_tag","embeddable":true,"href":"https:\/\/rnoticias.com.mx\/Portal\/wp-json\/wp\/v2\/tags?post=222660"}],"curies":[{"name":"wp","href":"https:\/\/api.w.org\/{rel}","templated":true}]}}