{"id":222654,"date":"2025-06-25T09:37:25","date_gmt":"2025-06-25T16:37:25","guid":{"rendered":"https:\/\/rnoticias.com.mx\/Portal\/?p=222654"},"modified":"2025-06-25T09:37:25","modified_gmt":"2025-06-25T16:37:25","slug":"pena-de-muerte-para-caro-quintero-sigue-sobre-la-mesa-fiscales-de-eu","status":"publish","type":"post","link":"https:\/\/rnoticias.com.mx\/Portal\/2025\/06\/25\/pena-de-muerte-para-caro-quintero-sigue-sobre-la-mesa-fiscales-de-eu\/","title":{"rendered":"Pena de muerte para Caro Quintero sigue sobre la mesa: fiscales de EU"},"content":{"rendered":"<p>La pena de muerte sigue en la mesa en el caso contra Rafael Caro Quintero, confirm\u00f3 este mi\u00e9rcoles la fiscal\u00eda, en una audiencia celebrada en\u00a0<strong>Nueva York.<\/strong><\/p>\n<p>El narcotraficante mexicano acusado de la tortura y el asesinato del agente de la DEA, Enrique \u201cKiki\u201d Camarena, tuvo una nueva audiencia en la<strong>\u00a0Corte de Brooklyn, Nueva York, y la pr\u00f3xima fue programada para el 18 de septiembre.<\/strong><\/p>\n<p>Los fiscales de<strong>\u00a0Estados Unidos\u00a0<\/strong>confirmaron que a\u00fan se analiza la pena de muerte contra el fundador del C\u00e1rtel de Guadalajara.<\/p>\n<div id=\"eldia-1063839321\" class=\"eldia-contenido eldia-target\" data-eldia-trackid=\"1573641\" data-eldia-trackbid=\"1\"><\/div>\n<div id=\"eldia-2972126394\" class=\"eldia-contenido-2 eldia-target\" data-eldia-trackid=\"1765657\" data-eldia-trackbid=\"1\"><\/div>\n<p>El juez Frederick Block program\u00f3 esta cita para determinar si el gobierno de Estados Unidos buscar\u00eda la pena de muerte para el mexicano.<\/p>\n<p>La fiscal\u00eda se\u00f1al\u00f3 que esa pena\u00a0<strong><em>\u201csigue sobre la mesa\u201d<\/em><\/strong>\u00a0y que presentar\u00e1n como pruebas grabaciones de los interrogatorios y tortura a que fue sometido Camarena.<\/p>\n<h2 class=\"wp-block-heading\">EU busca la pena capital para Caro Quintero<\/h2>\n<p>El cofundador y l\u00edder del extinto\u00a0<strong>Cartel de Guadalajara<\/strong>, y luego del Cartel de Sinaloa, est\u00e1 acusado de dirigir una empresa criminal, conspiraci\u00f3n para asesinato -incluyendo el de Camarena, dos cargos de conspiraci\u00f3n para la distribuci\u00f3n internacional de narc\u00f3ticos y otro por uso ilegal de armas de fuego para promover el narcotr\u00e1fico.<\/p>\n<p>Caro fue enviado desde M\u00e9xico a Estados Unidos junto a otros 29 l\u00edderes de c\u00e1rteles mexicanos en febrero pasado.<\/p>\n<p>Hasta su entrega a<strong>\u00a0Estados Unidos<\/strong>, Caro Quintero era uno de los narcos m\u00e1s buscados por ese pa\u00eds que ofrec\u00eda una recompensa de cinco millones de d\u00f3lares.<\/p>\n<p>Los abogados designados para defenderlo son\u00a0<strong>Mark DeMarco<\/strong>\u00a0y Elizabeth Macedonio, nombrada por el juez Block al considerar la posibilidad de que, en efecto, la fiscal\u00eda solicite la pena capital para el acusado.<\/p>\n<p>&nbsp;<\/p>\n<p>El Universal<\/p>\n","protected":false},"excerpt":{"rendered":"<p>La pena de muerte sigue en la mesa en el caso contra Rafael Caro Quintero, confirm\u00f3 este mi\u00e9rcoles la fiscal\u00eda, en una audiencia celebrada en\u00a0Nueva York. El narcotraficante mexicano acusado de la tortura y el asesinato del agente de la DEA, Enrique \u201cKiki\u201d Camarena, tuvo una nueva audiencia en la\u00a0Corte de Brooklyn, Nueva York, y [&hellip;]<\/p>\n","protected":false},"author":2,"featured_media":222655,"comment_status":"closed","ping_status":"closed","sticky":false,"template":"","format":"standard","meta":{"footnotes":""},"categories":[12870,172],"tags":[12865,12874],"class_list":["post-222654","post","type-post","status-publish","format-standard","has-post-thumbnail","hentry","category-destacadas","category-nacional","tag-destacadas","tag-nacional"],"jetpack_featured_media_url":"https:\/\/rnoticias.com.mx\/Portal\/wp-content\/uploads\/2025\/06\/still-21423499-91973-333-still.jpg","amp_enabled":true,"_links":{"self":[{"href":"https:\/\/rnoticias.com.mx\/Portal\/wp-json\/wp\/v2\/posts\/222654","targetHints":{"allow":["GET"]}}],"collection":[{"href":"https:\/\/rnoticias.com.mx\/Portal\/wp-json\/wp\/v2\/posts"}],"about":[{"href":"https:\/\/rnoticias.com.mx\/Portal\/wp-json\/wp\/v2\/types\/post"}],"author":[{"embeddable":true,"href":"https:\/\/rnoticias.com.mx\/Portal\/wp-json\/wp\/v2\/users\/2"}],"replies":[{"embeddable":true,"href":"https:\/\/rnoticias.com.mx\/Portal\/wp-json\/wp\/v2\/comments?post=222654"}],"version-history":[{"count":1,"href":"https:\/\/rnoticias.com.mx\/Portal\/wp-json\/wp\/v2\/posts\/222654\/revisions"}],"predecessor-version":[{"id":222656,"href":"https:\/\/rnoticias.com.mx\/Portal\/wp-json\/wp\/v2\/posts\/222654\/revisions\/222656"}],"wp:featuredmedia":[{"embeddable":true,"href":"https:\/\/rnoticias.com.mx\/Portal\/wp-json\/wp\/v2\/media\/222655"}],"wp:attachment":[{"href":"https:\/\/rnoticias.com.mx\/Portal\/wp-json\/wp\/v2\/media?parent=222654"}],"wp:term":[{"taxonomy":"category","embeddable":true,"href":"https:\/\/rnoticias.com.mx\/Portal\/wp-json\/wp\/v2\/categories?post=222654"},{"taxonomy":"post_tag","embeddable":true,"href":"https:\/\/rnoticias.com.mx\/Portal\/wp-json\/wp\/v2\/tags?post=222654"}],"curies":[{"name":"wp","href":"https:\/\/api.w.org\/{rel}","templated":true}]}}