{"id":222636,"date":"2025-06-25T08:48:19","date_gmt":"2025-06-25T15:48:19","guid":{"rendered":"https:\/\/rnoticias.com.mx\/Portal\/?p=222636"},"modified":"2025-06-25T08:48:19","modified_gmt":"2025-06-25T15:48:19","slug":"diputados-avalan-reforma-que-regula-retiros-de-afores-del-desempleo","status":"publish","type":"post","link":"https:\/\/rnoticias.com.mx\/Portal\/2025\/06\/25\/diputados-avalan-reforma-que-regula-retiros-de-afores-del-desempleo\/","title":{"rendered":"Diputados avalan reforma que regula retiros de afores del desempleo"},"content":{"rendered":"<p>El pleno de la C\u00e1mara de Diputados aprob\u00f3 por unanimidad, y sin modificaciones, la reforma a la Ley del Seguro Social con el fin de controlar el retiro de ahorros de los trabajadores por desempleo que administran las Afores, y se envi\u00f3 al Ejecutivo para que publique su entrada en vigor.<\/p>\n<div class=\"jeg_ad jeg_ad_article jnews_content_inline_ads  \"><\/div>\n<p class=\"c-paragraph\">Aunque el PRI y PAN criticaron la reforma, \u00e9sta obtuvo 476 votos a favor en lo general y particular del dictamen.<\/p>\n<p class=\"c-paragraph\">El dictamen de la iniciativa presidencial establece la necesidad de regular los retiros parciales por desempleo de los recursos de esta subcuenta, para que sea conforme al salario base de cotizaci\u00f3n promedio de las \u00faltimas 52, con un l\u00edmite de diez veces el valor de la Unidad de Medida y Actualizaci\u00f3n (UMA) mensual, y no de su \u00faltimo salario base de cotizaci\u00f3n, con un l\u00edmite de diez veces el salario m\u00ednimo mensual general que rija en la ciudad de M\u00e9xico, como se estipula actualmente.<\/p>\n<p class=\"c-paragraph\">El diputado morenista Alejandro Carvajal Hidalgo explic\u00f3 que Morena y sus aliados impulsan esta reforma que plantea que para las cuentas individuales con m\u00e1s de cinco a\u00f1os de antig\u00fcedad, el monto a retirar sea el que resulte menor entre 90 d\u00edas del salario promedio de las \u00faltimas 250 semanas de cotizaci\u00f3n, 11.5 por ciento del saldo disponible en la subcuenta de retiro, Cesant\u00eda en edad avanzada y Vejez, (RCV).<\/p>\n<p class=\"c-paragraph\">Expuso que durante el primer trimestre de 2025, un total de 428 mil 447 trabajadores realizaron retiros por desempleo, alcanzando un monto global de 8 mil 238.2 millones de pesos, seg\u00fan cifras oficiales, dijo.<\/p>\n<p class=\"c-paragraph\">\u201cSe estima que alrededor de 60 por ciento de esos retiros fueron manipulados por estos despachos, que adem\u00e1s cobran comisiones que pueden alcanzar hasta 30 por ciento del dinero retirado\u201d.<\/p>\n<p class=\"c-paragraph\">Carvajal Hidalgo indic\u00f3 que esos abusos han sido posibles porque la legislaci\u00f3n actual permite calcular el monto del retiro en funci\u00f3n del \u00faltimo salario base de cotizaci\u00f3n.<\/p>\n<p class=\"c-paragraph\">Reiter\u00f3 que esta disposici\u00f3n ha sido utilizada para inflar los montos registrados artificialmente, generando beneficios inmediatos para los intermediarios, pero grandes p\u00e9rdidas a futuro para los trabajadores.<\/p>\n<p class=\"c-paragraph\">\u201cLa fracci\u00f3n A dec\u00eda que se pod\u00eda retirar hasta 30 d\u00edas del \u00faltimo salario base de cotizaci\u00f3n. \u00bfY qu\u00e9 hac\u00edan? Topaban el salario y se llevaban retiros alt\u00edsimos. Por eso lo estamos cambiando\u201d, puntualiz\u00f3 el morenista.<\/p>\n<p class=\"c-paragraph\"><b>\u201cComo dijo Jon\u00e1s: \u2018Al jodido, joderlo m\u00e1s\u2019\u201d<\/b><\/p>\n<p class=\"c-paragraph\">Garc\u00eda Hern\u00e1ndez expuso un ejemplo, en Sinaloa -de donde es originario. Naci\u00f3 en Navolato- cualquier tr\u00e1mite que se haga siempre hay \u2018coyotes\u2019 -palabra que acompa\u00f1aron con una onomatopeya-, siempre hay empresas queri\u00e9ndole quitar el dinero a los trabajadores.<\/p>\n<p class=\"c-paragraph\">\u201cA lo mejor en un futuro debemos crear alguna iniciativa para que se castiga esos intermediarios y a esos coyotes. No es posible que el trabajador sea objeto de esos abusos, con la necesidad de un ratito de desempleo. Si me dicen \u2018puede retirar todo esto\u2019, pero si me alzan totalmente como sucedi\u00f3 en Sinaloa. En un tiempo en la SEP, y el \u2018coyote\u2019 cobra un porcentaje alto, y eso tenemos que terminarlo , porque quien sale pagando al final es el trabajador y la familia, porque al final te dicen \u2018aqu\u00ed te faltan tantas semanas las tienes que pagar\u2019\u201d, dijo.<\/p>\n","protected":false},"excerpt":{"rendered":"<p>El pleno de la C\u00e1mara de Diputados aprob\u00f3 por unanimidad, y sin modificaciones, la reforma a la Ley del Seguro Social con el fin de controlar el retiro de ahorros de los trabajadores por desempleo que administran las Afores, y se envi\u00f3 al Ejecutivo para que publique su entrada en vigor. Aunque el PRI y [&hellip;]<\/p>\n","protected":false},"author":2,"featured_media":222637,"comment_status":"closed","ping_status":"closed","sticky":false,"template":"","format":"standard","meta":{"footnotes":""},"categories":[12870,172],"tags":[12865,12874],"class_list":["post-222636","post","type-post","status-publish","format-standard","has-post-thumbnail","hentry","category-destacadas","category-nacional","tag-destacadas","tag-nacional"],"jetpack_featured_media_url":"https:\/\/rnoticias.com.mx\/Portal\/wp-content\/uploads\/2025\/06\/como-retirar-dinero-de-tu-afore-en-2025-1-1024x576-1.jpg","amp_enabled":true,"_links":{"self":[{"href":"https:\/\/rnoticias.com.mx\/Portal\/wp-json\/wp\/v2\/posts\/222636","targetHints":{"allow":["GET"]}}],"collection":[{"href":"https:\/\/rnoticias.com.mx\/Portal\/wp-json\/wp\/v2\/posts"}],"about":[{"href":"https:\/\/rnoticias.com.mx\/Portal\/wp-json\/wp\/v2\/types\/post"}],"author":[{"embeddable":true,"href":"https:\/\/rnoticias.com.mx\/Portal\/wp-json\/wp\/v2\/users\/2"}],"replies":[{"embeddable":true,"href":"https:\/\/rnoticias.com.mx\/Portal\/wp-json\/wp\/v2\/comments?post=222636"}],"version-history":[{"count":1,"href":"https:\/\/rnoticias.com.mx\/Portal\/wp-json\/wp\/v2\/posts\/222636\/revisions"}],"predecessor-version":[{"id":222638,"href":"https:\/\/rnoticias.com.mx\/Portal\/wp-json\/wp\/v2\/posts\/222636\/revisions\/222638"}],"wp:featuredmedia":[{"embeddable":true,"href":"https:\/\/rnoticias.com.mx\/Portal\/wp-json\/wp\/v2\/media\/222637"}],"wp:attachment":[{"href":"https:\/\/rnoticias.com.mx\/Portal\/wp-json\/wp\/v2\/media?parent=222636"}],"wp:term":[{"taxonomy":"category","embeddable":true,"href":"https:\/\/rnoticias.com.mx\/Portal\/wp-json\/wp\/v2\/categories?post=222636"},{"taxonomy":"post_tag","embeddable":true,"href":"https:\/\/rnoticias.com.mx\/Portal\/wp-json\/wp\/v2\/tags?post=222636"}],"curies":[{"name":"wp","href":"https:\/\/api.w.org\/{rel}","templated":true}]}}