{"id":222633,"date":"2025-06-25T08:42:22","date_gmt":"2025-06-25T15:42:22","guid":{"rendered":"https:\/\/rnoticias.com.mx\/Portal\/?p=222633"},"modified":"2025-06-25T08:42:22","modified_gmt":"2025-06-25T15:42:22","slug":"del-1-al-4-de-julio-periodo-de-inscripciones-para-el-semestre-2025-2","status":"publish","type":"post","link":"https:\/\/rnoticias.com.mx\/Portal\/2025\/06\/25\/del-1-al-4-de-julio-periodo-de-inscripciones-para-el-semestre-2025-2\/","title":{"rendered":"Del 1 al 4 de julio, periodo de inscripciones para el semestre 2025-2"},"content":{"rendered":"<p>Una vez que concluyan los cursos de verano el pr\u00f3ximo viernes 27 de junio, los estudiantes universitarios de licenciatura deber\u00e1n atender la publicaci\u00f3n del lunes 30 de junio para conocer su turno de reinscripci\u00f3n de acuerdo con el promedio obtenido en el semestre 2025-1.<\/p>\n<p>As\u00ed lo inform\u00f3 directora de Servicios Escolares de la Universidad de Sonora, Milka del Carmen Acosta Enr\u00edquez, al recordar cu\u00e1les son las actividades y fechas del calendario 2025 de esta casa de estudios que deben considerar los estudiantes antes del periodo vacacional.<\/p>\n<p>Record\u00f3 que el calendario escolar marca el inicio del periodo vacacional de verano a partir del martes 2 de julio y hasta el jueves 31 del mismo mes, de tal forma que las actividades administrativas se reanudar\u00e1n el viernes 1 de agosto.<\/p>\n<p>Asimismo, dio a conocer que las reinscripciones de nivel licenciatura para el semestre 2025-2 se realizar\u00e1n del martes 1 al viernes 4 de julio en l\u00ednea a trav\u00e9s del sitio <a href=\"https:\/\/alumnos.unison.mx\/\">https:\/\/alumnos.unison.mx\/<\/a> y de acuerdo con el promedio obtenido en el semestre inmediato anterior; mientras que, los d\u00edas 2 y 3 de julio ser\u00e1n las inscripciones para los estudiantes de posgrado, tambi\u00e9n en el portal de alumnos.<\/p>\n<p>Acosta Enr\u00edquez a\u00f1adi\u00f3 que, en el mes de agosto, los d\u00edas 5, 6 y 7 se abrir\u00e1 un proceso de reinscripciones adicionales para licenciaturas y el 6 y 7 del mismo mes, ser\u00e1 para los estudiantes de posgrado.<\/p>\n<p>De la misma forma, se\u00f1al\u00f3 que el ciclo escolar y las actividades acad\u00e9micas generales del semestre 2025-2, comenzar\u00e1n el lunes 11 de agosto de 2025.<\/p>\n<p>&nbsp;<\/p>\n<p>VER CALENDARIO ESCOLAR <a href=\"https:\/\/www.unison.mx\/calendario\/\">AQU\u00cd<\/a><\/p>\n<p>&nbsp;<\/p>\n<p><a href=\"https:\/\/www.unison.mx\/calendario\/\">https:\/\/www.unison.mx\/calendario\/<\/a><\/p>\n<p>&nbsp;<\/p>\n","protected":false},"excerpt":{"rendered":"<p>Una vez que concluyan los cursos de verano el pr\u00f3ximo viernes 27 de junio, los estudiantes universitarios de licenciatura deber\u00e1n atender la publicaci\u00f3n del lunes 30 de junio para conocer su turno de reinscripci\u00f3n de acuerdo con el promedio obtenido en el semestre 2025-1. As\u00ed lo inform\u00f3 directora de Servicios Escolares de la Universidad de [&hellip;]<\/p>\n","protected":false},"author":2,"featured_media":222634,"comment_status":"closed","ping_status":"closed","sticky":false,"template":"","format":"standard","meta":{"footnotes":""},"categories":[12870,178],"tags":[12865,12869],"class_list":["post-222633","post","type-post","status-publish","format-standard","has-post-thumbnail","hentry","category-destacadas","category-local","tag-destacadas","tag-local"],"jetpack_featured_media_url":"https:\/\/rnoticias.com.mx\/Portal\/wp-content\/uploads\/2025\/06\/CALENDARIOUNIVERSITARIO-2.jpg","amp_enabled":true,"_links":{"self":[{"href":"https:\/\/rnoticias.com.mx\/Portal\/wp-json\/wp\/v2\/posts\/222633","targetHints":{"allow":["GET"]}}],"collection":[{"href":"https:\/\/rnoticias.com.mx\/Portal\/wp-json\/wp\/v2\/posts"}],"about":[{"href":"https:\/\/rnoticias.com.mx\/Portal\/wp-json\/wp\/v2\/types\/post"}],"author":[{"embeddable":true,"href":"https:\/\/rnoticias.com.mx\/Portal\/wp-json\/wp\/v2\/users\/2"}],"replies":[{"embeddable":true,"href":"https:\/\/rnoticias.com.mx\/Portal\/wp-json\/wp\/v2\/comments?post=222633"}],"version-history":[{"count":1,"href":"https:\/\/rnoticias.com.mx\/Portal\/wp-json\/wp\/v2\/posts\/222633\/revisions"}],"predecessor-version":[{"id":222635,"href":"https:\/\/rnoticias.com.mx\/Portal\/wp-json\/wp\/v2\/posts\/222633\/revisions\/222635"}],"wp:featuredmedia":[{"embeddable":true,"href":"https:\/\/rnoticias.com.mx\/Portal\/wp-json\/wp\/v2\/media\/222634"}],"wp:attachment":[{"href":"https:\/\/rnoticias.com.mx\/Portal\/wp-json\/wp\/v2\/media?parent=222633"}],"wp:term":[{"taxonomy":"category","embeddable":true,"href":"https:\/\/rnoticias.com.mx\/Portal\/wp-json\/wp\/v2\/categories?post=222633"},{"taxonomy":"post_tag","embeddable":true,"href":"https:\/\/rnoticias.com.mx\/Portal\/wp-json\/wp\/v2\/tags?post=222633"}],"curies":[{"name":"wp","href":"https:\/\/api.w.org\/{rel}","templated":true}]}}