{"id":222627,"date":"2025-06-25T08:38:54","date_gmt":"2025-06-25T15:38:54","guid":{"rendered":"https:\/\/rnoticias.com.mx\/Portal\/?p=222627"},"modified":"2025-06-25T08:38:54","modified_gmt":"2025-06-25T15:38:54","slug":"tiro-deportivo-de-sonora-mantiene-su-racha-dorada-en-la-olimpiada-nacional","status":"publish","type":"post","link":"https:\/\/rnoticias.com.mx\/Portal\/2025\/06\/25\/tiro-deportivo-de-sonora-mantiene-su-racha-dorada-en-la-olimpiada-nacional\/","title":{"rendered":"TIRO DEPORTIVO DE SONORA MANTIENE SU RACHA DORADA EN LA OLIMPIADA NACIONAL"},"content":{"rendered":"<p class=\"x_gmail-MsoNoSpacing\">Hermosillo, Sonora, 25 de junio del 2025.- David Valdez conquist\u00f3 su tercera medalla de oro en la Olimpiada Nacional 2025, adem\u00e1s, Sarah Garc\u00eda tambi\u00e9n aport\u00f3 una presea dorada para Sonora, en las competencias de tiro deportivo que se celebraron este martes en Guadalajara, Jalisco.<\/p>\n<p class=\"x_gmail-MsoNoSpacing\">\n<p class=\"x_gmail-MsoNoSpacing\">Por lo tanto, con ese par de metales \u00e1ureos que consigui\u00f3 Sonora en la cuarta jornada de dicha disciplina, la delegaci\u00f3n de nuestra entidad tiene ya ocho medallas de ese color, as\u00ed como\u00a0 10 en total, ya que de igual forma cuenta con una plata y un bronce.<\/p>\n<p class=\"x_gmail-MsoNoSpacing\">\n<p class=\"x_gmail-MsoNoSpacing\">Valdez Mouet se apoder\u00f3 del primer sitio en la prueba de 25 metros pistola en tiro r\u00e1pido 18-23 a\u00f1os, despu\u00e9s de que derrot\u00f3 en la final al guanajuatense Jos\u00e9 Manuel Serrano por marcador de 14-12; el bronce lo gan\u00f3 Mario Serv\u00edn tras vencer (8-6) a Emanuel Rodr\u00edguez de Baja California.<\/p>\n<p class=\"x_gmail-MsoNoSpacing\">\n<p class=\"x_gmail-MsoNoSpacing\">Mientras que Sarah Regina Garc\u00eda Ibarra alz\u00f3 el cetro nacional luego de coronarse en la prueba de 10 metros rifle tendido 16-17 a\u00f1os, mediante una puntuaci\u00f3n de 632.7, dejando con la plata a la sinaloense Madeleine Garate (630.1) y el bronce fue para Sof\u00eda S\u00e1nchez (629.6).<\/p>\n<p class=\"x_gmail-MsoNoSpacing\">\n<p class=\"x_gmail-MsoNoSpacing\">De tal forma, Valdez Mouet cerr\u00f3 con cuatro medallas su participaci\u00f3n en la Olimpiada Nacional 2025, tres oros y una plata, en tanto que Sarah Regina Garc\u00eda obtuvo dos metales, ambos del m\u00e1ximo color.<\/p>\n<p class=\"x_gmail-MsoNoSpacing\">\n","protected":false},"excerpt":{"rendered":"<p>Hermosillo, Sonora, 25 de junio del 2025.- David Valdez conquist\u00f3 su tercera medalla de oro en la Olimpiada Nacional 2025, adem\u00e1s, Sarah Garc\u00eda tambi\u00e9n aport\u00f3 una presea dorada para Sonora, en las competencias de tiro deportivo que se celebraron este martes en Guadalajara, Jalisco. Por lo tanto, con ese par de metales \u00e1ureos que consigui\u00f3 [&hellip;]<\/p>\n","protected":false},"author":2,"featured_media":222628,"comment_status":"closed","ping_status":"closed","sticky":false,"template":"","format":"standard","meta":{"footnotes":""},"categories":[188,12870],"tags":[5231,12865],"class_list":["post-222627","post","type-post","status-publish","format-standard","has-post-thumbnail","hentry","category-deportes","category-destacadas","tag-deportes","tag-destacadas"],"jetpack_featured_media_url":"https:\/\/rnoticias.com.mx\/Portal\/wp-content\/uploads\/2025\/06\/David-Valdez-oro-en-tiro-rapido.jpg","amp_enabled":true,"_links":{"self":[{"href":"https:\/\/rnoticias.com.mx\/Portal\/wp-json\/wp\/v2\/posts\/222627","targetHints":{"allow":["GET"]}}],"collection":[{"href":"https:\/\/rnoticias.com.mx\/Portal\/wp-json\/wp\/v2\/posts"}],"about":[{"href":"https:\/\/rnoticias.com.mx\/Portal\/wp-json\/wp\/v2\/types\/post"}],"author":[{"embeddable":true,"href":"https:\/\/rnoticias.com.mx\/Portal\/wp-json\/wp\/v2\/users\/2"}],"replies":[{"embeddable":true,"href":"https:\/\/rnoticias.com.mx\/Portal\/wp-json\/wp\/v2\/comments?post=222627"}],"version-history":[{"count":1,"href":"https:\/\/rnoticias.com.mx\/Portal\/wp-json\/wp\/v2\/posts\/222627\/revisions"}],"predecessor-version":[{"id":222629,"href":"https:\/\/rnoticias.com.mx\/Portal\/wp-json\/wp\/v2\/posts\/222627\/revisions\/222629"}],"wp:featuredmedia":[{"embeddable":true,"href":"https:\/\/rnoticias.com.mx\/Portal\/wp-json\/wp\/v2\/media\/222628"}],"wp:attachment":[{"href":"https:\/\/rnoticias.com.mx\/Portal\/wp-json\/wp\/v2\/media?parent=222627"}],"wp:term":[{"taxonomy":"category","embeddable":true,"href":"https:\/\/rnoticias.com.mx\/Portal\/wp-json\/wp\/v2\/categories?post=222627"},{"taxonomy":"post_tag","embeddable":true,"href":"https:\/\/rnoticias.com.mx\/Portal\/wp-json\/wp\/v2\/tags?post=222627"}],"curies":[{"name":"wp","href":"https:\/\/api.w.org\/{rel}","templated":true}]}}