{"id":222618,"date":"2025-06-25T08:01:49","date_gmt":"2025-06-25T15:01:49","guid":{"rendered":"https:\/\/rnoticias.com.mx\/Portal\/?p=222618"},"modified":"2025-06-25T08:01:49","modified_gmt":"2025-06-25T15:01:49","slug":"aumentan-las-muertes-por-sarampion-en-mexico","status":"publish","type":"post","link":"https:\/\/rnoticias.com.mx\/Portal\/2025\/06\/25\/aumentan-las-muertes-por-sarampion-en-mexico\/","title":{"rendered":"Aumentan las muertes por sarampi\u00f3n en M\u00e9xico"},"content":{"rendered":"<p>La Secretar\u00eda de Salud report\u00f3 al menos\u00a0<strong>cuatro nuevas muertes por sarampi\u00f3n;<\/strong>\u00a0por lo que la cifra\u00a0<strong>total de fallecidos en todo M\u00e9xico sube a nueve.<\/strong><\/p>\n<div class=\"jeg_ad jeg_ad_article jnews_content_inline_ads  \"><\/div>\n<p>De acuerdo con la dependencia, ocho de estas muertes est\u00e1n ubicadas en Chihuahua, entidad que reporta actualmente 2 mil 417 casos acumulados. Con ello\u00a0<strong>M\u00e9xico ya es el segundo pa\u00eds de la Regi\u00f3n de las Am\u00e9ricas\u00a0\u00a0<\/strong><strong>con el mayor casos de sarampi\u00f3n,\u00a0<\/strong>solo por debajo de Canad\u00e1.<\/p>\n<p>Y es que en los \u00faltimos tres d\u00edas, el reporte de nuevos pacientes subi\u00f3 a 90 y en total son 2 mil 597; la presencia de la enfermedad se notifica en 18 estados y 58 municipios.<\/p>\n<p>\u00ab<strong>Los casos confirmados de sarampi\u00f3n afectan a ambos sexos<\/strong>\u00a0(47% hombres y 53% mujeres). En cuanto al n\u00famero de casos, el principal grupo de edad afectado es de 0 a 4 a\u00f1os de edad (520 casos), seguido de 25 a 29 (386 casos) y 30 a 34 a\u00f1os con 320 casos\u00bb.<\/p>\n<p>Otras entidades que reportan contagios son Sonora (73), Michoac\u00e1n y Durango (13, respectivamente); Tamaulipas (12) y Coahuila (11).<\/p>\n","protected":false},"excerpt":{"rendered":"<p>La Secretar\u00eda de Salud report\u00f3 al menos\u00a0cuatro nuevas muertes por sarampi\u00f3n;\u00a0por lo que la cifra\u00a0total de fallecidos en todo M\u00e9xico sube a nueve. De acuerdo con la dependencia, ocho de estas muertes est\u00e1n ubicadas en Chihuahua, entidad que reporta actualmente 2 mil 417 casos acumulados. Con ello\u00a0M\u00e9xico ya es el segundo pa\u00eds de la Regi\u00f3n [&hellip;]<\/p>\n","protected":false},"author":2,"featured_media":222619,"comment_status":"closed","ping_status":"closed","sticky":false,"template":"","format":"standard","meta":{"footnotes":""},"categories":[12870,172],"tags":[12865,12874],"class_list":["post-222618","post","type-post","status-publish","format-standard","has-post-thumbnail","hentry","category-destacadas","category-nacional","tag-destacadas","tag-nacional"],"jetpack_featured_media_url":"https:\/\/rnoticias.com.mx\/Portal\/wp-content\/uploads\/2025\/06\/images-7.jpg","amp_enabled":true,"_links":{"self":[{"href":"https:\/\/rnoticias.com.mx\/Portal\/wp-json\/wp\/v2\/posts\/222618","targetHints":{"allow":["GET"]}}],"collection":[{"href":"https:\/\/rnoticias.com.mx\/Portal\/wp-json\/wp\/v2\/posts"}],"about":[{"href":"https:\/\/rnoticias.com.mx\/Portal\/wp-json\/wp\/v2\/types\/post"}],"author":[{"embeddable":true,"href":"https:\/\/rnoticias.com.mx\/Portal\/wp-json\/wp\/v2\/users\/2"}],"replies":[{"embeddable":true,"href":"https:\/\/rnoticias.com.mx\/Portal\/wp-json\/wp\/v2\/comments?post=222618"}],"version-history":[{"count":1,"href":"https:\/\/rnoticias.com.mx\/Portal\/wp-json\/wp\/v2\/posts\/222618\/revisions"}],"predecessor-version":[{"id":222620,"href":"https:\/\/rnoticias.com.mx\/Portal\/wp-json\/wp\/v2\/posts\/222618\/revisions\/222620"}],"wp:featuredmedia":[{"embeddable":true,"href":"https:\/\/rnoticias.com.mx\/Portal\/wp-json\/wp\/v2\/media\/222619"}],"wp:attachment":[{"href":"https:\/\/rnoticias.com.mx\/Portal\/wp-json\/wp\/v2\/media?parent=222618"}],"wp:term":[{"taxonomy":"category","embeddable":true,"href":"https:\/\/rnoticias.com.mx\/Portal\/wp-json\/wp\/v2\/categories?post=222618"},{"taxonomy":"post_tag","embeddable":true,"href":"https:\/\/rnoticias.com.mx\/Portal\/wp-json\/wp\/v2\/tags?post=222618"}],"curies":[{"name":"wp","href":"https:\/\/api.w.org\/{rel}","templated":true}]}}